{"id":10428,"date":"2016-12-02T22:45:07","date_gmt":"2016-12-02T21:45:07","guid":{"rendered":"http:\/\/inde-hahn.de\/?p=10428"},"modified":"2016-12-02T22:45:33","modified_gmt":"2016-12-02T21:45:33","slug":"volles-fussballprogramm-am-sonntag","status":"publish","type":"post","link":"https:\/\/indehahn.de\/?p=10428","title":{"rendered":"Volles Fu\u00dfballprogramm am Sonntag"},"content":{"rendered":"<p>4 Siege, 1 Unentschieden &#8211; so lautet die Bilanz der letzten 5 Spiele des TV Herkenrath &#8211; darunter war sogar ein Ausw\u00e4rtssieg beim Tabellenf\u00fchrer in Alfter. Man muss also nicht lange \u00fcberlegen, wenn man nach der Favoritenrolle im Spiel unserer 1. Mannschaft am kommenden Sonntag gefragt wird. Die G\u00e4ste aus dem Bergisch Gladbacher Stadtteil werden mit breiter Brust nach Hahn kommen und Ex-Profi und Herkenrath-Trainer Alexander Voigt wird seine Jungs sicher gut eingestellt auf den Platz schicken, denn schlie\u00dflich m\u00f6chte man als einer der Top-Favoriten der Liga nicht bei einem Aufsteiger straucheln. Unsere Mannschaft wird sich aber sicher nicht kampflos geschlagen geben und versuchen, an die gute erste Halbzeit des Spiels in Wegberg anzuschlie\u00dfen. Dort hatte man einen weiteren Aufstiegskandidaten 45 Minuten lang kaum zur Entfaltung kommen lassen und als Team voll \u00fcberzeugt. Und auch gegen andere Mannschaften aus dem oberen Tabellendrittel wie Freialdenhoven oder Bergisch Gladbach konnte man mehr als nur gut mithalten. Trainer Manfred Pomp wird auf Taiki Okuno verzichten m\u00fcssen, der in Wegberg die rote Karte gesehen hat und auch einige andere Spieler sind derzeit angeschlagen, so dass ihr Einsatz noch fraglich ist. Doch unser Team ist auch in der Breite sehr gut aufgestellt und wir d\u00fcrfen sicher sein, dass wir ein hochmotiviertes Hahner Team auf dem Platz erleben werden. Die Partie am Hahner Kitzenhausweg beginnt am Sonntag um 14:30 Uhr.<\/p>\n<p>Unsere 2. Mannschaft ist in dieser Saison zwar weiterhin ungeschlagen, belegt aber trotzdem als Tabellendritter keinen Aufstiegsplatz. Umso wichtiger ist jeder einzelne Sieg und ein weiterer soll am kommenden Sonntag her. Auch die Zweite spielt zu Hause und empf\u00e4ngt ab 11 Uhr mit TuS M\u00fctzenich II den bisher st\u00e4rksten Aufsteiger. Die Mannschaft aus der Eifel spielt eine starke Saison und belegt derzeit Tabellenplatz 8. Auf dem Papier ist unser Team nat\u00fcrlich Favorit, doch man sollte gewarnt sein, denn gerade gegen die Gegner aus dem Tabellenmittelfeld hat sich die Mannschaft von Trainer Stefan Reisse in dieser Saison recht schwer getan. Sechs Punkte bis zur Winterpause sind aber Pflicht und der erste Schritt muss am Sonntag mit Volldampf getan werden.<\/p>\n<p>Ein wenig ins Straucheln geraten ist zuletzt unsere 3. Mannschaft, die aus den letzten vier Partien nur 4 Punkte holen konnte, was auch mit einzelnen Disziplinlosigkeiten zusammenh\u00e4ngt. Genau hier wird Trainer Josef Schaakxs ansetzen und seine Jungs nach der spielfreien Woche hochmotiviert in das Verfolgerduell beim TV Konzen III schicken. Konzen hat sehr erfolgreiche Wochen hinter sich und liegt als Tabellendritter mittlerweile einen Platz vor unserem Team. Ein Sieg w\u00e4re also enorm wichtig, um die Tabellenspitze nicht aus den Augen zu verlieren, aber es wartet eine schwere Aufgabe auf unsere Dritte. Die Partie wird am Sonntag um 12:45 Uhr auf dem Kunstrasen am Windrad in Konzen angepfiffen.<\/p>\n<p>Wir w\u00fcnschen unseren Mannschaften viel Gl\u00fcck und Erfolg und m\u00f6chten euch alle einladen, bei den Spielen live dabei zu sein. Die Wettervorhersage f\u00fcr Sonntag ist jedenfalls sehr zuschauerfreundlich und ein hei\u00dfer Kaffee, Kakao oder Gl\u00fchwein vertreibt die Winterk\u00e4lte.<\/p>\n<div class=\"shariff\" data-title=\"Volles Fu\u00dfballprogramm am Sonntag\" data-info-url=\"http:\/\/ct.de\/-2467514\" data-backend-url=\"https:\/\/indehahn.de\/wp-content\/plugins\/shariff-sharing_UNUSED\/backend\/index.php\" data-temp=\"\/tmp\" data-ttl=\"60\" data-service=\"\" data-services='[\"facebook\",\"whatsapp\",\"mail\"]' data-image=\"\" data-url=\"https:\/\/indehahn.de\/?p=10428\" data-lang=\"de\" data-theme=\"color\" data-orientation=\"horizontal\"><\/div>","protected":false},"excerpt":{"rendered":"<p>4 Siege, 1 Unentschieden &#8211; so lautet die Bilanz der letzten 5 Spiele des TV Herkenrath &#8211; darunter war sogar ein Ausw\u00e4rtssieg beim Tabellenf\u00fchrer in Alfter. Man muss also nicht lange \u00fcberlegen, wenn man&#46;&#46;&#46;<\/p>\n","protected":false},"author":2,"featured_media":10429,"comment_status":"closed","ping_status":"closed","sticky":false,"template":"","format":"image","meta":{"ngg_post_thumbnail":0,"footnotes":""},"categories":[11,12,27],"tags":[],"class_list":["post-10428","post","type-post","status-publish","format-image","has-post-thumbnail","hentry","category-1-mannschaft","category-2-mannschaft","category-3-mannschaft","post_format-post-format-image"],"_links":{"self":[{"href":"https:\/\/indehahn.de\/index.php?rest_route=\/wp\/v2\/posts\/10428","targetHints":{"allow":["GET"]}}],"collection":[{"href":"https:\/\/indehahn.de\/index.php?rest_route=\/wp\/v2\/posts"}],"about":[{"href":"https:\/\/indehahn.de\/index.php?rest_route=\/wp\/v2\/types\/post"}],"author":[{"embeddable":true,"href":"https:\/\/indehahn.de\/index.php?rest_route=\/wp\/v2\/users\/2"}],"replies":[{"embeddable":true,"href":"https:\/\/indehahn.de\/index.php?rest_route=%2Fwp%2Fv2%2Fcomments&post=10428"}],"version-history":[{"count":2,"href":"https:\/\/indehahn.de\/index.php?rest_route=\/wp\/v2\/posts\/10428\/revisions"}],"predecessor-version":[{"id":10433,"href":"https:\/\/indehahn.de\/index.php?rest_route=\/wp\/v2\/posts\/10428\/revisions\/10433"}],"wp:featuredmedia":[{"embeddable":true,"href":"https:\/\/indehahn.de\/index.php?rest_route=\/wp\/v2\/media\/10429"}],"wp:attachment":[{"href":"https:\/\/indehahn.de\/index.php?rest_route=%2Fwp%2Fv2%2Fmedia&parent=10428"}],"wp:term":[{"taxonomy":"category","embeddable":true,"href":"https:\/\/indehahn.de\/index.php?rest_route=%2Fwp%2Fv2%2Fcategories&post=10428"},{"taxonomy":"post_tag","embeddable":true,"href":"https:\/\/indehahn.de\/index.php?rest_route=%2Fwp%2Fv2%2Ftags&post=10428"}],"curies":[{"name":"wp","href":"https:\/\/api.w.org\/{rel}","templated":true}]}}