{"id":10847,"date":"2017-03-05T21:31:17","date_gmt":"2017-03-05T20:31:17","guid":{"rendered":"http:\/\/inde-hahn.de\/?p=10847"},"modified":"2017-03-05T21:31:17","modified_gmt":"2017-03-05T20:31:17","slug":"zweite-muss-erste-saisonniederlage-einstecken","status":"publish","type":"post","link":"https:\/\/indehahn.de\/?p=10847","title":{"rendered":"Zweite muss erste Saisonniederlage einstecken"},"content":{"rendered":"<p>Im Topspiel der Kreisliga C4 musste unsere 2. Mannschaft am heutigen Sonntagmorgen als aktueller Tabellenf\u00fchrer beim starken Tabellenvierten in Verlautenheide antreten. Von unserer Mannschaft war aber zun\u00e4chst nicht viel zu sehen. Verlautenheide kontrollierte das Spiel und kam einige Male mit langen B\u00e4llen gef\u00e4hrlich vor das Hahner Tor, wo Keeper Holger Brauers Schlimmeres verhinderte. Erst nach 10 Minuten hatte auch Hahn die erste Chance durch Ali Asik, dessen Abschluss aber nicht zwingend genug war. In einem ruppigen Spiel fand unsere Mannschaft keine spielerischen L\u00f6sungen und machte durch individuelle Fehler und mangelndes Zweikampfverhalten den Gegner stark. Nur durch Standards kam man \u00fcberhaupt einmal in Torn\u00e4he, w\u00e4hrend Holger Brauers hinten alle H\u00e4nde voll zu tun hatte und mit starken Paraden bis zur Pause die Null hielt.<\/p>\n<p>Auch in der zweiten Spielh\u00e4lfte hatten die Gastgeber den besseren Start und ein Standard f\u00fchrte in der 51. Minute zum 1:0 durch Michael Senden. Der Treffer h\u00e4tte so allerdings nicht fallen d\u00fcrfen, denn Marius Palm wurde zuvor mit einem Ellbogencheck niedergestreckt und musste mit einer Platzwunde im Gesicht ausgewechselt werden. Das Spiel wurde immer aggressiver, auch weil der Unparteiische nicht immer im Bilde war. Unsere Mannschaft kam aber allm\u00e4hlich besser ins Spiel &#8211; Chancen durch Ali Asik und Atakan Keles blieben aber ungenutzt. In der 65. Minute tanzte dann Kashif Butt f\u00fcnf Gegenspieler aus und fand im Zentrum Adem Kuruoglu, der aus 16 Metern das rechte Toreck zum Ausgleich traf. Das Hahner Hoch war aber leider schnell vorbei &#8211; der Spielfluss ging auch wegen den vielen Spielunterbrechungen wieder verloren und Verlautenheide lauerte stets auf gef\u00e4hrliche Konterm\u00f6glichkeiten. Leider fanden die Gastgeber dabei immer wieder L\u00fccken in der Hahner Defensive &#8211; eine davon nutzte Dominik Breidt in der 76. Minute zur erneuten F\u00fchrung der Gastgeber. Unser Team warf anschlie\u00dfend noch einmal alles nach vorne, blieb jedoch erfolglos. Die beste Chance hatte Atakan Keles, der mit einem Freisto\u00df am Pfosten scheiterte. Zu allem \u00dcberfluss holte sich Marcel Rohner in der Nachspielzeit noch die rote Karte ab. Es blieb am Ende beim 2:1, der ersten Niederlage unserer 2. Mannschaft in dieser Saison.<\/p>\n<p>Trainer Stefan Reisse: &#8222;Fr\u00fcher oder sp\u00e4ter endet jede Serie. Wir hatten heute einen schweren Stand gegen einen sehr aggressiven Gegner. Nach dem 1:0 sind wir gut zur\u00fcckgekommen und am Ende w\u00e4ren wir mit einem Punkt zufrieden gewesen. Es gibt jedenfalls noch Luft nach oben &#8211; jeder hat gesehen, dass es ohne die n\u00f6tige Aggressivit\u00e4t, Laufbereitschaft und den Willen kein Spaziergang in dieser Liga wird. Der Blick geht aber nach jetzt vorne. In einer Woche wartet mit Berger Preu\u00df III ein \u00e4hnliches Kaliber wie heute auf uns und die Punkte sollen dann unbedingt am Kitzenhausweg bleiben. Verabschieden m\u00f6chten wir uns heute von Patrick Schreiber &#8211; Patrick verl\u00e4sst uns berufsbedingt Richtung M\u00fcnchen. Wir w\u00fcnschen ihm in seiner Zeit dort alles erdenklich Gute!&#8220;<\/p>\n<div class=\"shariff\" data-title=\"Zweite muss erste Saisonniederlage einstecken\" data-info-url=\"http:\/\/ct.de\/-2467514\" data-backend-url=\"https:\/\/indehahn.de\/wp-content\/plugins\/shariff-sharing_UNUSED\/backend\/index.php\" data-temp=\"\/tmp\" data-ttl=\"60\" data-service=\"\" data-services='[\"facebook\",\"whatsapp\",\"mail\"]' data-image=\"\" data-url=\"https:\/\/indehahn.de\/?p=10847\" data-lang=\"de\" data-theme=\"color\" data-orientation=\"horizontal\"><\/div>","protected":false},"excerpt":{"rendered":"<p>Im Topspiel der Kreisliga C4 musste unsere 2. Mannschaft am heutigen Sonntagmorgen als aktueller Tabellenf\u00fchrer beim starken Tabellenvierten in Verlautenheide antreten. Von unserer Mannschaft war aber zun\u00e4chst nicht viel zu sehen. Verlautenheide kontrollierte das&#46;&#46;&#46;<\/p>\n","protected":false},"author":2,"featured_media":10848,"comment_status":"closed","ping_status":"closed","sticky":false,"template":"","format":"image","meta":{"ngg_post_thumbnail":0,"footnotes":""},"categories":[12],"tags":[],"class_list":["post-10847","post","type-post","status-publish","format-image","has-post-thumbnail","hentry","category-2-mannschaft","post_format-post-format-image"],"_links":{"self":[{"href":"https:\/\/indehahn.de\/index.php?rest_route=\/wp\/v2\/posts\/10847","targetHints":{"allow":["GET"]}}],"collection":[{"href":"https:\/\/indehahn.de\/index.php?rest_route=\/wp\/v2\/posts"}],"about":[{"href":"https:\/\/indehahn.de\/index.php?rest_route=\/wp\/v2\/types\/post"}],"author":[{"embeddable":true,"href":"https:\/\/indehahn.de\/index.php?rest_route=\/wp\/v2\/users\/2"}],"replies":[{"embeddable":true,"href":"https:\/\/indehahn.de\/index.php?rest_route=%2Fwp%2Fv2%2Fcomments&post=10847"}],"version-history":[{"count":1,"href":"https:\/\/indehahn.de\/index.php?rest_route=\/wp\/v2\/posts\/10847\/revisions"}],"predecessor-version":[{"id":10849,"href":"https:\/\/indehahn.de\/index.php?rest_route=\/wp\/v2\/posts\/10847\/revisions\/10849"}],"wp:featuredmedia":[{"embeddable":true,"href":"https:\/\/indehahn.de\/index.php?rest_route=\/wp\/v2\/media\/10848"}],"wp:attachment":[{"href":"https:\/\/indehahn.de\/index.php?rest_route=%2Fwp%2Fv2%2Fmedia&parent=10847"}],"wp:term":[{"taxonomy":"category","embeddable":true,"href":"https:\/\/indehahn.de\/index.php?rest_route=%2Fwp%2Fv2%2Fcategories&post=10847"},{"taxonomy":"post_tag","embeddable":true,"href":"https:\/\/indehahn.de\/index.php?rest_route=%2Fwp%2Fv2%2Ftags&post=10847"}],"curies":[{"name":"wp","href":"https:\/\/api.w.org\/{rel}","templated":true}]}}