{"id":11887,"date":"2019-02-19T18:30:37","date_gmt":"2019-02-19T17:30:37","guid":{"rendered":"https:\/\/inde-hahn.de\/?p=11887"},"modified":"2019-02-20T11:04:07","modified_gmt":"2019-02-20T10:04:07","slug":"ein-rundum-gelungener-ibis-cup-geht-zu-ende","status":"publish","type":"post","link":"https:\/\/indehahn.de\/?p=11887","title":{"rendered":"Ein rundum gelungener IBIS-Cup geht zu Ende"},"content":{"rendered":"<p>Als die letzten Pokale an die teilnehmenden Fu\u00dfball-Kids vergeben waren, da atmete das Hahner Organisationsteam kr\u00e4ftig durch. Nicht nur, weil das IBIS-Cup-Wochenende bei den Helfern viel Kraft gekostet hatte, sondern auch weil alles wie geplant funktioniert hatte und man &#8211; wie im Vorhinein gew\u00fcnscht &#8211; in viele gl\u00fcckliche Kinderaugen schauen durfte. Gr\u00f6\u00dfere Verletzungen hatte es nicht gegeben und Probleme organisatorischer Art ebenfalls nicht &#8211; so darf man also mit Fug und Recht von einem rundum gelungenen IBIS-Cup 2019 sprechen.<\/p>\n<p>Den Auftakt am Sonntag machten unsere Kleinsten, die U6-Bambini, von denen einige gerade mal so 4 Jahre alt sind. In diesem zarten Fu\u00dfballalter sind noch nicht alle Kinder richtig mit dem Ball vertraut, aber Spa\u00df haben sie definitiv alle. Unter den Spielern waren aber doch einige dabei, die in ihrer Entwicklung schon etwas weiter waren als andere &#8211; besonders zwei Teams taten sich entsprechend hervor: der SC Berger Preu\u00df beherrschte seine Vorrundengruppe nach Belieben, w\u00e4hrend sich der SV Breinig in der heimischen Halle etwas schwerer tat. Dennoch standen die beiden besten Mannschaften in einem spannenden Finale, das die Breiniger mit etwas Gl\u00fcck im Siebenmeterschie\u00dfen f\u00fcr sich entscheiden konnten. Platz 3 belegte der SV Eilendorf vor Raspo Brand. Unsere Hahner Mannschaft schlug sich ordentlich und belegte am Ende Platz 7.<\/p>\n<p>Im zweiten Turnier des Sonntags pr\u00e4sentierten sich die U9-Junioren den erneut sehr zahlreichen Zuschauern in der Halle. Und endlich durften sich auch die Hahner Gastgeber \u00fcber ein tolles sportliches Resultat freuen: mit drei eindeutigen Siegen in der Vorrunde zogen sie in das Endspiel ein, wo sie allerdings auf den absoluten Turnierfavoriten, den 1. FC D\u00fcren, trafen. In der Anfangsphase des Spiels konnten die Hahner noch erfreulich gut mithalten, doch am Ende lie\u00dfen die Kr\u00e4fte etwas nach, so dass sich die D\u00fcrener deutlich mit 5:0 durchsetzen und nat\u00fcrlich auch verdient den Titel sichern konnten. Dennoch durften sich die Hahner F-Junioren sehr \u00fcber die silbernen Pokale freuen. Platz 3 belegte der VfL Vichttal, der die Sportfreunde Dorff im kleinen Finale sogar noch deutlicher schlug.<\/p>\n<p>Vor der Siegerehrung zeigten wie schon am Samstag die Inde Panthers, unsere Cheerleading-Gruppe, ihr ganzes K\u00f6nnen und offensichtlich hatten sie quasi \u00fcber Nacht sogar noch ein paar klitzekleine Wackler abstellen k\u00f6nnen. Die Zuschauer zeigten sich jedenfalls erneut begeistert und auch die Fu\u00dfballer, die auf ihre Siegerehrung warteten, schauten gebannt zu.<\/p>\n<p>Den Abschluss des diesj\u00e4hrigen IBIS-Cups bestritten die U13-Junioren, die an diesem Turnierwochenende \u00e4lteste Altersklasse. Und das sah man auch deutlich, denn in Sachen Tempo und taktische Einstellung konnte man die Ergebnisse jahrelanger Ausbildung deutlich erkennen. Der SV Breinig und der JFV Roetgen Rott marschierten souver\u00e4n ohne Punktverlust durch ihre Vorrundengruppen und lieferten sich ein hei\u00dfes Finale, in dem die favorisierten Breiniger es zun\u00e4chst schwer mit den k\u00e4mpferisch gut eingestellten Roetgenern hatten. Am Ende ging den Eifelern aber etwas die Luft aus, so dass sich Breinig durchsetzen konnte. Da in den Reihen der Roetgener sowohl in der Mannschaft als auch im Trainerteam einige Hahner mitwirken, die in dieser Altersklasse eine Kooperation mit dem JFV bilden, d\u00fcrfen wir uns auch durch die Hahner Brille betrachtet \u00fcber diesen 2. Platz freuen. Das Spiel um Platz 3 entschied der FC Heinsberg-Lieck mit 2:0 gegen den SC Berger Preu\u00df f\u00fcr sich. Die beiden Hahner Teams konnten den Erwartungen nicht ganz gerecht werden, aber immerhin gewannen beide ihre Platzierungsspiele, so dass am Ende die Pl\u00e4tze 5 und 7 heraussprangen.<\/p>\n<p>Wieder einmal war der IBIS-Cup ein besonderes Highlight unter den Hallenturnieren der Region, was auch die durchweg positiven Kommentare unserer G\u00e4ste unterstreichen. Wir m\u00f6chten uns bei den zahlreichen Sponsoren und bei den vielen flei\u00dfigen Helfern bedanken, ohne die eine Veranstaltung dieser Gr\u00f6\u00dfenordnung und Qualit\u00e4t nicht zu machen w\u00e4re. Vielen Dank und auf ein Neues im n\u00e4chsten Jahr!<\/p>\n<div class=\"shariff\" data-title=\"Ein rundum gelungener IBIS-Cup geht zu Ende\" data-info-url=\"http:\/\/ct.de\/-2467514\" data-backend-url=\"https:\/\/indehahn.de\/wp-content\/plugins\/shariff-sharing_UNUSED\/backend\/index.php\" data-temp=\"\/tmp\" data-ttl=\"60\" data-service=\"\" data-services='[\"facebook\",\"whatsapp\",\"mail\"]' data-image=\"\" data-url=\"https:\/\/indehahn.de\/?p=11887\" data-lang=\"de\" data-theme=\"color\" data-orientation=\"horizontal\"><\/div>","protected":false},"excerpt":{"rendered":"<p>Als die letzten Pokale an die teilnehmenden Fu\u00dfball-Kids vergeben waren, da atmete das Hahner Organisationsteam kr\u00e4ftig durch. Nicht nur, weil das IBIS-Cup-Wochenende bei den Helfern viel Kraft gekostet hatte, sondern auch weil alles wie&#46;&#46;&#46;<\/p>\n","protected":false},"author":2,"featured_media":11888,"comment_status":"closed","ping_status":"closed","sticky":false,"template":"","format":"image","meta":{"ngg_post_thumbnail":0,"footnotes":""},"categories":[30,3,31],"tags":[],"class_list":["post-11887","post","type-post","status-publish","format-image","has-post-thumbnail","hentry","category-events","category-fussball-junioren","category-ibis-cup","post_format-post-format-image"],"_links":{"self":[{"href":"https:\/\/indehahn.de\/index.php?rest_route=\/wp\/v2\/posts\/11887","targetHints":{"allow":["GET"]}}],"collection":[{"href":"https:\/\/indehahn.de\/index.php?rest_route=\/wp\/v2\/posts"}],"about":[{"href":"https:\/\/indehahn.de\/index.php?rest_route=\/wp\/v2\/types\/post"}],"author":[{"embeddable":true,"href":"https:\/\/indehahn.de\/index.php?rest_route=\/wp\/v2\/users\/2"}],"replies":[{"embeddable":true,"href":"https:\/\/indehahn.de\/index.php?rest_route=%2Fwp%2Fv2%2Fcomments&post=11887"}],"version-history":[{"count":7,"href":"https:\/\/indehahn.de\/index.php?rest_route=\/wp\/v2\/posts\/11887\/revisions"}],"predecessor-version":[{"id":11902,"href":"https:\/\/indehahn.de\/index.php?rest_route=\/wp\/v2\/posts\/11887\/revisions\/11902"}],"wp:featuredmedia":[{"embeddable":true,"href":"https:\/\/indehahn.de\/index.php?rest_route=\/wp\/v2\/media\/11888"}],"wp:attachment":[{"href":"https:\/\/indehahn.de\/index.php?rest_route=%2Fwp%2Fv2%2Fmedia&parent=11887"}],"wp:term":[{"taxonomy":"category","embeddable":true,"href":"https:\/\/indehahn.de\/index.php?rest_route=%2Fwp%2Fv2%2Fcategories&post=11887"},{"taxonomy":"post_tag","embeddable":true,"href":"https:\/\/indehahn.de\/index.php?rest_route=%2Fwp%2Fv2%2Ftags&post=11887"}],"curies":[{"name":"wp","href":"https:\/\/api.w.org\/{rel}","templated":true}]}}