{"id":1193,"date":"2014-08-31T04:00:44","date_gmt":"2014-08-31T02:00:44","guid":{"rendered":"http:\/\/inde-hahn.de\/?p=1193"},"modified":"2015-05-16T00:29:21","modified_gmt":"2015-05-15T22:29:21","slug":"fruehstart-in-beiden-halbzeiten-gegen-jugendsport","status":"publish","type":"post","link":"https:\/\/indehahn.de\/?p=1193","title":{"rendered":"Fr\u00fchstart in beiden Halbzeiten gegen Jugendsport"},"content":{"rendered":"<p>Nach dem herben D\u00e4mpfer in der Vorwoche war unsere 1. Mannschaft gegen die starken G\u00e4ste aus Wenau heute gefordert. Der Beginn war vielversprechend: der laufstarke Walica setzte sich schon nach wenigen Minuten auf dem Fl\u00fcgel durch und flankte auf Philipp Dunkel, der per Kopf zum 1:0 traf. Nur wenige Augenblicke sp\u00e4ter erh\u00f6hte Peter Szczyrba bereits auf 2:0 &#8211; von Dunkel in Szene gesetzt brachte er sich durch seine Ballmitnahme zun\u00e4chst um die erfolgversprechendste Position, doch aus spitzem Winkel konnte er Wenaus Schlussmann doch noch \u00fcberwinden. Diese fr\u00fche F\u00fchrung tat dem Hahner Spiel nicht gut. M\u00f6glicherweise glaubte man sich schon am Ziel, jedenfalls brachte man vieles von dem, was man sich vorgenommen hatte, nun nicht mehr auf den Platz. Beh\u00e4biger Spielaufbau, Freilaufverhalten im Zeitlupentempo sowie Nachr\u00fcckverhalten, das sich auch nicht viel schneller abspielte, zeugten von nicht allzu gro\u00dfer Entschlossenheit. So blieb Wenau im Spiel und das fr\u00fche 2:0 war auch der Halbzeitstand.<br \/>\nNach Wiederbeginn sah man dann eine Hahner Elf, die das Tempo versch\u00e4rfte. Hiroki Ogisos Kopfball nach einer Gr\u00fcmmer-Ecke brachte in der 48. Minute die beruhigende 3:0-F\u00fchrung. Der Umgang mit diesem fr\u00fchen Tor war ein anderer, auch wenn auch in dieser H\u00e4lfte der absolute Wille, h\u00f6chstes Tempo zu gehen und die Angriffe gezielt und konsequent zu Ende zu bringen, nicht vorhanden war. In der 70. Minute versenkte Szczyrba zum 4:0 und in der Schlussminute bediente er uneigenn\u00fctzig den mitgelaufenen Stefan Schindler, der zum 5:0 vollendete.<br \/>\nTrainer Oliver Heinrichs: &#8222;Die Punkte waren heute nach den Ereignissen der Vorwoche das Wichtigste. Doch wenn wir weiterhin alle M\u00f6glichkeiten aussch\u00f6pfen wollen, m\u00fcssen wir uns auch mit dem &#8222;Wie&#8220; auseinandersetzen und das war bei Weitem nicht zufriedenstellend. Wir haben nun w\u00e4hrend der Woche im Pokalspiel beim VfL Vichttal sicher die M\u00f6glichkeit, uns mit einem Gegner zu messen, der uns ganz anderes Tempo abverlangen wird.&#8220;<\/p>\n<div class=\"shariff\" data-title=\"Fr\u00fchstart in beiden Halbzeiten gegen Jugendsport\" data-info-url=\"http:\/\/ct.de\/-2467514\" data-backend-url=\"https:\/\/indehahn.de\/wp-content\/plugins\/shariff-sharing_UNUSED\/backend\/index.php\" data-temp=\"\/tmp\" data-ttl=\"60\" data-service=\"\" data-services='[\"facebook\",\"whatsapp\",\"mail\"]' data-image=\"\" data-url=\"https:\/\/indehahn.de\/?p=1193\" data-lang=\"de\" data-theme=\"color\" data-orientation=\"horizontal\"><\/div>","protected":false},"excerpt":{"rendered":"<p>Nach dem herben D\u00e4mpfer in der Vorwoche war unsere 1. Mannschaft gegen die starken G\u00e4ste aus Wenau heute gefordert. Der Beginn war vielversprechend: der laufstarke Walica setzte sich schon nach wenigen Minuten auf dem&#46;&#46;&#46;<\/p>\n","protected":false},"author":2,"featured_media":0,"comment_status":"closed","ping_status":"closed","sticky":false,"template":"","format":"standard","meta":{"ngg_post_thumbnail":0,"footnotes":""},"categories":[11],"tags":[],"class_list":["post-1193","post","type-post","status-publish","format-standard","hentry","category-1-mannschaft"],"_links":{"self":[{"href":"https:\/\/indehahn.de\/index.php?rest_route=\/wp\/v2\/posts\/1193","targetHints":{"allow":["GET"]}}],"collection":[{"href":"https:\/\/indehahn.de\/index.php?rest_route=\/wp\/v2\/posts"}],"about":[{"href":"https:\/\/indehahn.de\/index.php?rest_route=\/wp\/v2\/types\/post"}],"author":[{"embeddable":true,"href":"https:\/\/indehahn.de\/index.php?rest_route=\/wp\/v2\/users\/2"}],"replies":[{"embeddable":true,"href":"https:\/\/indehahn.de\/index.php?rest_route=%2Fwp%2Fv2%2Fcomments&post=1193"}],"version-history":[{"count":1,"href":"https:\/\/indehahn.de\/index.php?rest_route=\/wp\/v2\/posts\/1193\/revisions"}],"predecessor-version":[{"id":1194,"href":"https:\/\/indehahn.de\/index.php?rest_route=\/wp\/v2\/posts\/1193\/revisions\/1194"}],"wp:attachment":[{"href":"https:\/\/indehahn.de\/index.php?rest_route=%2Fwp%2Fv2%2Fmedia&parent=1193"}],"wp:term":[{"taxonomy":"category","embeddable":true,"href":"https:\/\/indehahn.de\/index.php?rest_route=%2Fwp%2Fv2%2Fcategories&post=1193"},{"taxonomy":"post_tag","embeddable":true,"href":"https:\/\/indehahn.de\/index.php?rest_route=%2Fwp%2Fv2%2Ftags&post=1193"}],"curies":[{"name":"wp","href":"https:\/\/api.w.org\/{rel}","templated":true}]}}