{"id":11987,"date":"2019-03-19T17:44:20","date_gmt":"2019-03-19T16:44:20","guid":{"rendered":"https:\/\/inde-hahn.de\/?p=11987"},"modified":"2019-03-26T15:38:14","modified_gmt":"2019-03-26T14:38:14","slug":"wir-suchen-a-junioren-fuer-die-kommende-saison","status":"publish","type":"post","link":"https:\/\/indehahn.de\/?p=11987","title":{"rendered":"Wir suchen A-Junioren f\u00fcr die kommende Saison"},"content":{"rendered":"<p>In der aktuellen Saison konnten wir leider kein A-Junioren-Team melden &#8211; das soll sich im Sommer unbedingt wieder \u00e4ndern, denn dann m\u00f6chten wir eine neue Mannschaft der Jahrg\u00e4nge 2001 und 2002 an den Start bringen. Ein Trainer steht bereit &#8211; er wird tatkr\u00e4ftig unterst\u00fctzt von den Trainern der 2. und 3. Mannschaft, die als Koordinatoren das Bindeglied zur Senioren-Abteilung bilden. Einige Spieler werden zum Saisonwechsel aus der B-Jugend aufr\u00fccken, es fehlen aber noch ein paar motivierte Neuzug\u00e4nge, die unter optimalen Trainings- und Wettkampfbedingungen f\u00fcr den FC Inde Hahn kicken m\u00f6chten.<\/p>\n<p>Wer Interesse hat, der ist herzlich eingeladen, am Probetraining am Montag, den 8. April ab 18:30 Uhr teilzunehmen. Bei dieser Gelegenheit k\u00f6nnt ihr schon euer neues Team samt Trainer kennenlernen. Es erwartet euch viel Spa\u00df in einem starken Team und nat\u00fcrlich werden wir euch bestm\u00f6glich auf den \u00dcbergang in den Seniorenfu\u00dfball (Kreisliga B oder D) vorbereiten.<\/p>\n<p><strong>Spieler der Jahrg\u00e4nge 2001 und 2002 &#8211; meldet euch einfach bei uns!<\/strong><\/p>\n<p><strong>Ansprechpartner<\/strong><br \/>\n<a href=\"mailto:thomas.poth@indehahn.de\">Thomas Poth<\/a> (Trainer)<br \/>\n<a href=\"mailto:marco.hammers@indehahn.de\">Marco Hammers<\/a>, <a href=\"mailto:hansi.mangartz@indehahn.de\">Hansi Mangartz<\/a> (Koordinatoren)<br \/>\n<a href=\"mailto:karsten.kasperek@indehahn.de\">Karsten Kasperek<\/a> (Jugendleiter)<\/p>\n<p><strong>Hinweis<\/strong>:<br \/>\nSpieler, die an dem Probetraining teilnehmen m\u00f6chten, aber momentan f\u00fcr einen anderen Verein aktiv sind, m\u00fcssen eine Trainingserlaubnis ihres aktuellen Vereins mitbringen!<\/p>\n<hr>\n<p><img loading=\"lazy\" decoding=\"async\" class=\"alignnone size-full wp-image-11988\" src=\"https:\/\/indehahn.de\/wp-content\/uploads\/2019\/03\/AJuniorenFlyer2019.jpg\" alt=\"\" width=\"995\" height=\"1280\" srcset=\"https:\/\/indehahn.de\/wp-content\/uploads\/2019\/03\/AJuniorenFlyer2019.jpg 995w, https:\/\/indehahn.de\/wp-content\/uploads\/2019\/03\/AJuniorenFlyer2019-233x300.jpg 233w, https:\/\/indehahn.de\/wp-content\/uploads\/2019\/03\/AJuniorenFlyer2019-796x1024.jpg 796w, https:\/\/indehahn.de\/wp-content\/uploads\/2019\/03\/AJuniorenFlyer2019-117x150.jpg 117w, https:\/\/indehahn.de\/wp-content\/uploads\/2019\/03\/AJuniorenFlyer2019-980x1261.jpg 980w\" sizes=\"auto, (max-width: 995px) 100vw, 995px\" \/><\/p>\n<div class=\"shariff\" data-title=\"Wir suchen A-Junioren f\u00fcr die kommende Saison\" data-info-url=\"http:\/\/ct.de\/-2467514\" data-backend-url=\"https:\/\/indehahn.de\/wp-content\/plugins\/shariff-sharing_UNUSED\/backend\/index.php\" data-temp=\"\/tmp\" data-ttl=\"60\" data-service=\"\" data-services='[\"facebook\",\"whatsapp\",\"mail\"]' data-image=\"https:\/\/indehahn.de\/wp-content\/uploads\/2019\/03\/AJuniorenFlyer2019.jpg\" data-url=\"https:\/\/indehahn.de\/?p=11987\" data-lang=\"de\" data-theme=\"color\" data-orientation=\"horizontal\"><\/div>","protected":false},"excerpt":{"rendered":"<p>In der aktuellen Saison konnten wir leider kein A-Junioren-Team melden &#8211; das soll sich im Sommer unbedingt wieder \u00e4ndern, denn dann m\u00f6chten wir eine neue Mannschaft der Jahrg\u00e4nge 2001 und 2002 an den Start&#46;&#46;&#46;<\/p>\n","protected":false},"author":2,"featured_media":11989,"comment_status":"closed","ping_status":"closed","sticky":false,"template":"","format":"standard","meta":{"ngg_post_thumbnail":0,"footnotes":""},"categories":[3],"tags":[],"class_list":["post-11987","post","type-post","status-publish","format-standard","has-post-thumbnail","hentry","category-fussball-junioren"],"_links":{"self":[{"href":"https:\/\/indehahn.de\/index.php?rest_route=\/wp\/v2\/posts\/11987","targetHints":{"allow":["GET"]}}],"collection":[{"href":"https:\/\/indehahn.de\/index.php?rest_route=\/wp\/v2\/posts"}],"about":[{"href":"https:\/\/indehahn.de\/index.php?rest_route=\/wp\/v2\/types\/post"}],"author":[{"embeddable":true,"href":"https:\/\/indehahn.de\/index.php?rest_route=\/wp\/v2\/users\/2"}],"replies":[{"embeddable":true,"href":"https:\/\/indehahn.de\/index.php?rest_route=%2Fwp%2Fv2%2Fcomments&post=11987"}],"version-history":[{"count":8,"href":"https:\/\/indehahn.de\/index.php?rest_route=\/wp\/v2\/posts\/11987\/revisions"}],"predecessor-version":[{"id":12024,"href":"https:\/\/indehahn.de\/index.php?rest_route=\/wp\/v2\/posts\/11987\/revisions\/12024"}],"wp:featuredmedia":[{"embeddable":true,"href":"https:\/\/indehahn.de\/index.php?rest_route=\/wp\/v2\/media\/11989"}],"wp:attachment":[{"href":"https:\/\/indehahn.de\/index.php?rest_route=%2Fwp%2Fv2%2Fmedia&parent=11987"}],"wp:term":[{"taxonomy":"category","embeddable":true,"href":"https:\/\/indehahn.de\/index.php?rest_route=%2Fwp%2Fv2%2Fcategories&post=11987"},{"taxonomy":"post_tag","embeddable":true,"href":"https:\/\/indehahn.de\/index.php?rest_route=%2Fwp%2Fv2%2Ftags&post=11987"}],"curies":[{"name":"wp","href":"https:\/\/api.w.org\/{rel}","templated":true}]}}