{"id":12055,"date":"2019-04-08T18:25:56","date_gmt":"2019-04-08T16:25:56","guid":{"rendered":"https:\/\/inde-hahn.de\/?p=12055"},"modified":"2019-04-08T18:25:56","modified_gmt":"2019-04-08T16:25:56","slug":"erste-verliert-deutlich-in-glesch-paffendorf","status":"publish","type":"post","link":"https:\/\/indehahn.de\/?p=12055","title":{"rendered":"Erste verliert deutlich in Glesch-Paffendorf"},"content":{"rendered":"<p>F\u00fcnf Tage nach der Bekanntgabe des R\u00fcckzugs aus der Landesliga zum Saisonende trat unsere 1. Mannschaft am gestrigen Sonntag beim Tabellenachten Viktoria Glesch-Paffendorf an. Das Hinspiel hatte man gegen den gleichen Gegner mit 2:1 gewonnen, doch diesmal lief nicht viel nach Plan.<\/p>\n<p>Zwar konnte man zu Spielbeginn noch mithalten, doch nach dem F\u00fchrungstreffer der Gastgeber durch Ryusei Hae lief auf Hahner Seite nicht mehr viel zusammen. Der Glescher Goalgetter Sherif Krasniqi sorgte zun\u00e4chst f\u00fcr den 2:0-Pausenstand, bevor er dann nach dem Seitenwechsel seine Saisontreffer 13 bis 15 nachlegte. Dem hatte unser Team nicht viel mehr entgegenzusetzen und so musste man am Ende mit einer deutlichen 0:5-Niederlage im Gep\u00e4ck die Heimreise antreten.<\/p>\n<p>Laut Trainer Michael Gr\u00fcmmer will unsere Mannschaft in dieser Saison zumindest sportlich nicht absteigen, doch daf\u00fcr m\u00fcssen noch einige Punkte gesammelt werden. Am kommenden Wochenende wird das im Ausw\u00e4rtsspiel beim heimstarken SV Eilendorf sicher nicht leicht werden, doch wir hoffen, dass sich unsere Jungs in den kommenden Partien noch einmal richtig reinh\u00e4ngen und zeigen, dass sie Bock auf Fu\u00dfball haben &#8211; unbeschwert aufspielen k\u00f6nnen sie ja nun. Die Partie in Eilendorf wird am kommenden Sonntag um 15 Uhr angepfiffen.<\/p>\n<div class=\"shariff\" data-title=\"Erste verliert deutlich in Glesch-Paffendorf\" data-info-url=\"http:\/\/ct.de\/-2467514\" data-backend-url=\"https:\/\/indehahn.de\/wp-content\/plugins\/shariff-sharing_UNUSED\/backend\/index.php\" data-temp=\"\/tmp\" data-ttl=\"60\" data-service=\"\" data-services='[\"facebook\",\"whatsapp\",\"mail\"]' data-image=\"\" data-url=\"https:\/\/indehahn.de\/?p=12055\" data-lang=\"de\" data-theme=\"color\" data-orientation=\"horizontal\"><\/div>","protected":false},"excerpt":{"rendered":"<p>F\u00fcnf Tage nach der Bekanntgabe des R\u00fcckzugs aus der Landesliga zum Saisonende trat unsere 1. Mannschaft am gestrigen Sonntag beim Tabellenachten Viktoria Glesch-Paffendorf an. Das Hinspiel hatte man gegen den gleichen Gegner mit 2:1&#46;&#46;&#46;<\/p>\n","protected":false},"author":2,"featured_media":12056,"comment_status":"closed","ping_status":"closed","sticky":false,"template":"","format":"image","meta":{"ngg_post_thumbnail":0,"footnotes":""},"categories":[11],"tags":[],"class_list":["post-12055","post","type-post","status-publish","format-image","has-post-thumbnail","hentry","category-1-mannschaft","post_format-post-format-image"],"_links":{"self":[{"href":"https:\/\/indehahn.de\/index.php?rest_route=\/wp\/v2\/posts\/12055","targetHints":{"allow":["GET"]}}],"collection":[{"href":"https:\/\/indehahn.de\/index.php?rest_route=\/wp\/v2\/posts"}],"about":[{"href":"https:\/\/indehahn.de\/index.php?rest_route=\/wp\/v2\/types\/post"}],"author":[{"embeddable":true,"href":"https:\/\/indehahn.de\/index.php?rest_route=\/wp\/v2\/users\/2"}],"replies":[{"embeddable":true,"href":"https:\/\/indehahn.de\/index.php?rest_route=%2Fwp%2Fv2%2Fcomments&post=12055"}],"version-history":[{"count":1,"href":"https:\/\/indehahn.de\/index.php?rest_route=\/wp\/v2\/posts\/12055\/revisions"}],"predecessor-version":[{"id":12057,"href":"https:\/\/indehahn.de\/index.php?rest_route=\/wp\/v2\/posts\/12055\/revisions\/12057"}],"wp:featuredmedia":[{"embeddable":true,"href":"https:\/\/indehahn.de\/index.php?rest_route=\/wp\/v2\/media\/12056"}],"wp:attachment":[{"href":"https:\/\/indehahn.de\/index.php?rest_route=%2Fwp%2Fv2%2Fmedia&parent=12055"}],"wp:term":[{"taxonomy":"category","embeddable":true,"href":"https:\/\/indehahn.de\/index.php?rest_route=%2Fwp%2Fv2%2Fcategories&post=12055"},{"taxonomy":"post_tag","embeddable":true,"href":"https:\/\/indehahn.de\/index.php?rest_route=%2Fwp%2Fv2%2Ftags&post=12055"}],"curies":[{"name":"wp","href":"https:\/\/api.w.org\/{rel}","templated":true}]}}