{"id":12434,"date":"2019-06-16T10:22:48","date_gmt":"2019-06-16T08:22:48","guid":{"rendered":"https:\/\/inde-hahn.de\/?p=12434"},"modified":"2019-06-18T11:37:07","modified_gmt":"2019-06-18T09:37:07","slug":"d-junioren-fuer-sonderliga-qualifiziert","status":"publish","type":"post","link":"https:\/\/indehahn.de\/?p=12434","title":{"rendered":"D-Junioren f\u00fcr Sonderliga qualifiziert!"},"content":{"rendered":"<p>Die D-Junioren (2007) des FC Inde Hahn haben sich einen Startplatz in der\u00a0 Sonderliga \u00a0der Spielzeit 2019\/2020 gesichert!<br \/>\nWie bereits aus der diesj\u00e4hrigen <a href=\"https:\/\/indehahn.de\/?p=11064\" target=\"_blank\" rel=\"noopener noreferrer\"><em>Qualifikation zur Leistungsliga<\/em><\/a> bekannt, nutzen unsere Jungs\u00a0 zum Leidwesen des Trainerteams und Anhangs nicht den direkten Weg sondern machten es wieder spannend.<\/p>\n<p>Ein Fazit auf die vergangene <a href=\"http:\/\/www.fussball.de\/spieltagsuebersicht\/d-jun-leistungsst-2-jg-2007-kreis-aachen-d-junioren-leistungsklasse-d-junioren-saison1819-mittelrhein\/-\/staffel\/0250P1TOCO00000EVS54898EVVFMPE4E-G#!\/\" target=\"_blank\" rel=\"noopener noreferrer\"><em>Spielzeit in der Leistungsklasse<\/em><\/a> ist, dass\u00a0 die Hahner Jungs\u00a0 ihren Startplatz rechtfertigten.<br \/>\nIn der Bilanz mit 8 Siegen, 2 Remis und 8 Niederlagen\u00a0 war man lediglich gegen den Ligaprimus BW Aachen in beiden Spielen chancenlos. \u00a05 Spiele wurden knapp mit einem Tor Unterschied verloren. Zum Teil ungl\u00fccklich,\u00a0 so dass man sagen kann: \u00a0Da war noch mehr drin als der 7. Platz in der Abschlu\u00dftabelle!<\/p>\n<p>Das solide Ergebnis best\u00e4tigte die Vereins- und Mannschaftsf\u00fchrung\u00a0 in der Absicht das Team f\u00fcr die Sonderligaqualifikation zu melden, bei der in diesem Jahr unter den gemeldeten 7 Mannschaften 3 Startpl\u00e4tze in 2 Qualifikationsgruppen\u00a0 ausgespielt wurden.<br \/>\nBeide Gruppenersten qualifizieren sich direkt f\u00fcr die Sonderliga. Der dritte Startplatz w\u00fcrde in einem Entscheidungsspiel der Gruppenzweiten ausgespielt.<\/p>\n<p>Das Hahner Team wurde in \u00a0<em><a href=\"http:\/\/www.fussball.de\/spieltagsuebersicht\/qualifikation-sonderliga-gruppe-a-kreis-aachen-d-junioren-sonderliga-d-junioren-saison1819-mittelrhein\/-\/staffel\/02731HN5AS000002VS5489B4VV94L8KD-G#!\/\" target=\"_blank\" rel=\"noopener noreferrer\">Gruppe A<\/a><\/em> mit dem BTV Aachen, VfR W\u00fcrselen und dem JFV Roetgen\/Rott gelost.\u00a0 Die Partien in der Leistungsklasse gegen den BTV endeten jeweils mit 2:1 (gewonnen\/verloren).\u00a0 Im Heimspiel gegen den VfR\u00a0 gewannen die Hahner knapp mit 1:0 w\u00e4hrend der Sieg f\u00fcr Hahn im R\u00fcckspiel deutlicher ausfiel. Das\u00a0 Leistungsniveau des \u00a0Teams aus Roetgen\/Rott war wegen der fehlenden, aktuellen Vergleiche nicht einsch\u00e4tzbar.<\/p>\n<p>Im ersten Qualifikationsspiel \u00a0war der BTV Aachen, ausgemachter Hauptkonkurrent um den Gruppensieg, der Gegner am Kitzenhausweg.<br \/>\nDie Hahner Jungs k\u00e4mpften in der ersten Halbzeit nicht nur mit den tropischen Temperaturen, sondern auch mit dem Nervenkost\u00fcm im Wissen um die Aufgabe.\u00a0 Der BTV hatte \u00fcber die gesamte erste Halbzeit ein deutliches spielerisches \u00dcbergewicht. Ein Torerfolg gelang gegen die Hahner Hintermannschaft und den gl\u00e4nzender Keeper aber nicht.<br \/>\nDie Schwarz-Gelben kamen wie verwandelt aus der Kabine. Zweimal wurde in der Folge freistehend vor dem BTV Tor die F\u00fchrung vergeben. Auch ein Foulelfmeter wurde leider nicht verwandelt.<br \/>\nIm Gegenzug gelang dann dem BTV das entscheidende Tor zum gl\u00fccklichen, aber nicht unverdienten Erfolg wenn man beide Halbzeiten summiert.<\/p>\n<p>In der zweiten Partie bei\u00a0 VfR W\u00fcrselen waren die Hahner somit schon in Zugzwang, um den zweiten Gruppenplatz\u00a0 zu erreichen.<br \/>\nBeide Mannschaften hatten mit nochmals h\u00f6heren Temperaturen und extremer Schw\u00fcle zu k\u00e4mpfen. Die Spielanteile waren ausgeglichen verteilt. Vor dem Tor zeigten sich die Hahner effektiver und f\u00fchrten zur Halbzeit 0:2.<br \/>\nDas Endergebnis von 0:3 war eine Mannschaftsleistung,\u00a0 die die qualitative Breite des Kaders \u00a0unterstreicht. Da machte der Besuch des \u00f6ffentlichen Trainings der Nationalmannschaft am Folgetag doppelt Spa\u00df!<\/p>\n<p>Im letzten Spiel gegen den JFV Roetgen\/Rott war ein Sieg Pflicht. Der JFV war in seinen vorherigen Partien teils schwer unter die R\u00e4der gekommen, so das auch die Tordifferenz &#8211; je nach Ergebnis im Parallelspiel VfR W\u00fcrselen vs. BTV\u2013 relevant werden konnte.<br \/>\nDas Hahner Team startete nerv\u00f6s und tappte zu Anfang immer wieder in die Abseitsfalle. Es dauerte bis zur 15. Minute ehe das erl\u00f6sende 1:0 fiel.<br \/>\nDem Hahner Anhang stockte nochmal kurz der Atem, \u00a0als der JFV mit einem Pfostenschuss sein gr\u00f6\u00dfte Torchance hatte. Vom Pfosten prallte der Ball zur\u00fcck an den Hinterkopf des Hahner Keepers und von dort wieder \u00a0Millimeter am Pfosten vorbei ins Toraus. Puh!<\/p>\n<p>Das war aber auch der letzte Aufreger im Spiel, denn Schwarz-Gelb erh\u00f6hte das Ergebnis kontinuierlich auf 0:3 zum Seitenwechsel und 0:10 zu Spielende.<br \/>\nDurch das 4:1 \u00fcber den VfR im Parallelspiel kr\u00f6nte sich der BTV zum Direktaufsteiger und Hahn hatte als Gruppenzweiter im Entscheidungsspiel die Chance auf den letzten Sonderligastartplatz!<br \/>\nGegner w\u00e4re der FV Haaren gewesen, der in<em> <a href=\"http:\/\/www.fussball.de\/spieltagsuebersicht\/qualifikation-sonderliga-gruppe-b-kreis-aachen-d-junioren-sonderliga-d-junioren-saison1819-mittelrhein\/-\/staffel\/02731HN5HS000005VS5489B4VV94L8KD-G#!\/\" target=\"_blank\" rel=\"noopener noreferrer\">Gruppe B<\/a><\/em> den zweiten Platz hinter BW Aachen und vor Falke Bergrath erreichte.<\/p>\n<p>W\u00e4re, denn durch den Verzicht einer bereits qualifizierten Mannschaft wurde ein weiterer Startplatz frei\u00a0 und das ungeliebte Entscheidungsspiel \u00fcberfl\u00fcssig.<\/p>\n<p>Nach Recherche des FC Inde Archivars ist damit <strong>erstmalig<\/strong> eine Hahner D-Jugend f\u00fcr die Sonderliga qualifiziert!<\/p>\n<p>Die \u00fcberraschende und freudige Nachricht wurde im Anschluss an das letzte Training mit einer Spontan-Pizza-Aktion gefeiert.<\/p>\n<p>Mannschaft und Trainerteam haben sich damit f\u00fcr ihre kontinuierliche Arbeit seit den Anf\u00e4ngen als Bambini belohnt.<\/p>\n\n\t\t<style>\n\t\t\t#gallery-1 {\n\t\t\t\tmargin: auto;\n\t\t\t}\n\t\t\t#gallery-1 .gallery-item {\n\t\t\t\tfloat: left;\n\t\t\t\tmargin-top: 10px;\n\t\t\t\ttext-align: center;\n\t\t\t\twidth: 33%;\n\t\t\t}\n\t\t\t#gallery-1 img {\n\t\t\t\tborder: 2px solid #cfcfcf;\n\t\t\t}\n\t\t\t#gallery-1 .gallery-caption {\n\t\t\t\tmargin-left: 0;\n\t\t\t}\n\t\t\t\/* see gallery_shortcode() in wp-includes\/media.php *\/\n\t\t<\/style>\n\t\t<div id='gallery-1' class='gallery galleryid-12434 gallery-columns-3 gallery-size-medium'><dl class='gallery-item'>\n\t\t\t<dt class='gallery-icon landscape'>\n\t\t\t\t<a href='https:\/\/indehahn.de\/wp-content\/uploads\/2019\/06\/IMG_20190605_190453-scaled.jpg' title=\"\" data-rl_title=\"\" class=\"rl-gallery-link\" data-rl_caption=\"\" data-rel=\"lightbox-gallery-1\"><img loading=\"lazy\" decoding=\"async\" width=\"300\" height=\"225\" src=\"https:\/\/indehahn.de\/wp-content\/uploads\/2019\/06\/IMG_20190605_190453-300x225.jpg\" class=\"attachment-medium size-medium\" alt=\"\" aria-describedby=\"gallery-1-12444\" srcset=\"https:\/\/indehahn.de\/wp-content\/uploads\/2019\/06\/IMG_20190605_190453-300x225.jpg 300w, https:\/\/indehahn.de\/wp-content\/uploads\/2019\/06\/IMG_20190605_190453-1024x768.jpg 1024w, https:\/\/indehahn.de\/wp-content\/uploads\/2019\/06\/IMG_20190605_190453-200x150.jpg 200w, https:\/\/indehahn.de\/wp-content\/uploads\/2019\/06\/IMG_20190605_190453-1536x1152.jpg 1536w, https:\/\/indehahn.de\/wp-content\/uploads\/2019\/06\/IMG_20190605_190453-2048x1536.jpg 2048w, https:\/\/indehahn.de\/wp-content\/uploads\/2019\/06\/IMG_20190605_190453-980x735.jpg 980w\" sizes=\"auto, (max-width: 300px) 100vw, 300px\" \/><\/a>\n\t\t\t<\/dt>\n\t\t\t\t<dd class='wp-caption-text gallery-caption' id='gallery-1-12444'>\n\t\t\t\tdav\n\t\t\t\t<\/dd><\/dl><dl class='gallery-item'>\n\t\t\t<dt class='gallery-icon landscape'>\n\t\t\t\t<a href='https:\/\/indehahn.de\/wp-content\/uploads\/2019\/06\/IMG_20190605_191206-scaled.jpg' title=\"\" data-rl_title=\"\" class=\"rl-gallery-link\" data-rl_caption=\"\" data-rel=\"lightbox-gallery-1\"><img loading=\"lazy\" decoding=\"async\" width=\"300\" height=\"225\" src=\"https:\/\/indehahn.de\/wp-content\/uploads\/2019\/06\/IMG_20190605_191206-300x225.jpg\" class=\"attachment-medium size-medium\" alt=\"D2 Sonderliga\" aria-describedby=\"gallery-1-12441\" srcset=\"https:\/\/indehahn.de\/wp-content\/uploads\/2019\/06\/IMG_20190605_191206-300x225.jpg 300w, https:\/\/indehahn.de\/wp-content\/uploads\/2019\/06\/IMG_20190605_191206-1024x768.jpg 1024w, https:\/\/indehahn.de\/wp-content\/uploads\/2019\/06\/IMG_20190605_191206-200x150.jpg 200w, https:\/\/indehahn.de\/wp-content\/uploads\/2019\/06\/IMG_20190605_191206-1536x1152.jpg 1536w, https:\/\/indehahn.de\/wp-content\/uploads\/2019\/06\/IMG_20190605_191206-2048x1536.jpg 2048w, https:\/\/indehahn.de\/wp-content\/uploads\/2019\/06\/IMG_20190605_191206-980x735.jpg 980w\" sizes=\"auto, (max-width: 300px) 100vw, 300px\" \/><\/a>\n\t\t\t<\/dt>\n\t\t\t\t<dd class='wp-caption-text gallery-caption' id='gallery-1-12441'>\n\t\t\t\tdav\n\t\t\t\t<\/dd><\/dl><dl class='gallery-item'>\n\t\t\t<dt class='gallery-icon landscape'>\n\t\t\t\t<a href='https:\/\/indehahn.de\/wp-content\/uploads\/2019\/06\/IMG_20190614_193528-scaled.jpg' title=\"\" data-rl_title=\"\" class=\"rl-gallery-link\" data-rl_caption=\"\" data-rel=\"lightbox-gallery-1\"><img loading=\"lazy\" decoding=\"async\" width=\"300\" height=\"225\" src=\"https:\/\/indehahn.de\/wp-content\/uploads\/2019\/06\/IMG_20190614_193528-300x225.jpg\" class=\"attachment-medium size-medium\" alt=\"\" aria-describedby=\"gallery-1-12443\" srcset=\"https:\/\/indehahn.de\/wp-content\/uploads\/2019\/06\/IMG_20190614_193528-300x225.jpg 300w, https:\/\/indehahn.de\/wp-content\/uploads\/2019\/06\/IMG_20190614_193528-1024x768.jpg 1024w, https:\/\/indehahn.de\/wp-content\/uploads\/2019\/06\/IMG_20190614_193528-200x150.jpg 200w, https:\/\/indehahn.de\/wp-content\/uploads\/2019\/06\/IMG_20190614_193528-1536x1152.jpg 1536w, https:\/\/indehahn.de\/wp-content\/uploads\/2019\/06\/IMG_20190614_193528-2048x1536.jpg 2048w, https:\/\/indehahn.de\/wp-content\/uploads\/2019\/06\/IMG_20190614_193528-980x735.jpg 980w\" sizes=\"auto, (max-width: 300px) 100vw, 300px\" \/><\/a>\n\t\t\t<\/dt>\n\t\t\t\t<dd class='wp-caption-text gallery-caption' id='gallery-1-12443'>\n\t\t\t\tsdr\n\t\t\t\t<\/dd><\/dl><br style=\"clear: both\" \/><dl class='gallery-item'>\n\t\t\t<dt class='gallery-icon landscape'>\n\t\t\t\t<a href='https:\/\/indehahn.de\/wp-content\/uploads\/2019\/06\/IMG_20190614_193409-scaled.jpg' title=\"\" data-rl_title=\"\" class=\"rl-gallery-link\" data-rl_caption=\"\" data-rel=\"lightbox-gallery-1\"><img loading=\"lazy\" decoding=\"async\" width=\"300\" height=\"225\" src=\"https:\/\/indehahn.de\/wp-content\/uploads\/2019\/06\/IMG_20190614_193409-300x225.jpg\" class=\"attachment-medium size-medium\" alt=\"\" aria-describedby=\"gallery-1-12445\" srcset=\"https:\/\/indehahn.de\/wp-content\/uploads\/2019\/06\/IMG_20190614_193409-300x225.jpg 300w, https:\/\/indehahn.de\/wp-content\/uploads\/2019\/06\/IMG_20190614_193409-1024x768.jpg 1024w, https:\/\/indehahn.de\/wp-content\/uploads\/2019\/06\/IMG_20190614_193409-200x150.jpg 200w, https:\/\/indehahn.de\/wp-content\/uploads\/2019\/06\/IMG_20190614_193409-1536x1152.jpg 1536w, https:\/\/indehahn.de\/wp-content\/uploads\/2019\/06\/IMG_20190614_193409-2048x1536.jpg 2048w, https:\/\/indehahn.de\/wp-content\/uploads\/2019\/06\/IMG_20190614_193409-980x735.jpg 980w\" sizes=\"auto, (max-width: 300px) 100vw, 300px\" \/><\/a>\n\t\t\t<\/dt>\n\t\t\t\t<dd class='wp-caption-text gallery-caption' id='gallery-1-12445'>\n\t\t\t\tsdr\n\t\t\t\t<\/dd><\/dl><dl class='gallery-item'>\n\t\t\t<dt class='gallery-icon landscape'>\n\t\t\t\t<a href='https:\/\/indehahn.de\/wp-content\/uploads\/2019\/06\/IMG_20190614_193537-scaled.jpg' title=\"\" data-rl_title=\"\" class=\"rl-gallery-link\" data-rl_caption=\"\" data-rel=\"lightbox-gallery-1\"><img loading=\"lazy\" decoding=\"async\" width=\"300\" height=\"225\" src=\"https:\/\/indehahn.de\/wp-content\/uploads\/2019\/06\/IMG_20190614_193537-300x225.jpg\" class=\"attachment-medium size-medium\" alt=\"\" aria-describedby=\"gallery-1-12442\" srcset=\"https:\/\/indehahn.de\/wp-content\/uploads\/2019\/06\/IMG_20190614_193537-300x225.jpg 300w, https:\/\/indehahn.de\/wp-content\/uploads\/2019\/06\/IMG_20190614_193537-1024x768.jpg 1024w, https:\/\/indehahn.de\/wp-content\/uploads\/2019\/06\/IMG_20190614_193537-200x150.jpg 200w, https:\/\/indehahn.de\/wp-content\/uploads\/2019\/06\/IMG_20190614_193537-1536x1152.jpg 1536w, https:\/\/indehahn.de\/wp-content\/uploads\/2019\/06\/IMG_20190614_193537-2048x1536.jpg 2048w, https:\/\/indehahn.de\/wp-content\/uploads\/2019\/06\/IMG_20190614_193537-980x735.jpg 980w\" sizes=\"auto, (max-width: 300px) 100vw, 300px\" \/><\/a>\n\t\t\t<\/dt>\n\t\t\t\t<dd class='wp-caption-text gallery-caption' id='gallery-1-12442'>\n\t\t\t\tsdr\n\t\t\t\t<\/dd><\/dl>\n\t\t\t<br style='clear: both' \/>\n\t\t<\/div>\n\n<div class=\"mceTemp\"><\/div>\n<p>&nbsp;<\/p>\n<p>&nbsp;<\/p>\n<p>&nbsp;<\/p>\n<p>&nbsp;<\/p>\n<p>&nbsp;<\/p>\n<div class=\"shariff\" data-title=\"D-Junioren f\u00fcr Sonderliga qualifiziert!\" data-info-url=\"http:\/\/ct.de\/-2467514\" data-backend-url=\"https:\/\/indehahn.de\/wp-content\/plugins\/shariff-sharing_UNUSED\/backend\/index.php\" data-temp=\"\/tmp\" data-ttl=\"60\" data-service=\"\" data-services='[\"facebook\",\"whatsapp\",\"mail\"]' data-image=\"\" data-url=\"https:\/\/indehahn.de\/?p=12434\" data-lang=\"de\" data-theme=\"color\" data-orientation=\"horizontal\"><\/div>","protected":false},"excerpt":{"rendered":"<p>Die D-Junioren (2007) des FC Inde Hahn haben sich einen Startplatz in der\u00a0 Sonderliga \u00a0der Spielzeit 2019\/2020 gesichert! Wie bereits aus der diesj\u00e4hrigen Qualifikation zur Leistungsliga bekannt, nutzen unsere Jungs\u00a0 zum Leidwesen des Trainerteams&#46;&#46;&#46;<\/p>\n","protected":false},"author":11,"featured_media":10957,"comment_status":"closed","ping_status":"closed","sticky":false,"template":"","format":"image","meta":{"ngg_post_thumbnail":0,"footnotes":""},"categories":[3],"tags":[],"class_list":["post-12434","post","type-post","status-publish","format-image","has-post-thumbnail","hentry","category-fussball-junioren","post_format-post-format-image"],"_links":{"self":[{"href":"https:\/\/indehahn.de\/index.php?rest_route=\/wp\/v2\/posts\/12434","targetHints":{"allow":["GET"]}}],"collection":[{"href":"https:\/\/indehahn.de\/index.php?rest_route=\/wp\/v2\/posts"}],"about":[{"href":"https:\/\/indehahn.de\/index.php?rest_route=\/wp\/v2\/types\/post"}],"author":[{"embeddable":true,"href":"https:\/\/indehahn.de\/index.php?rest_route=\/wp\/v2\/users\/11"}],"replies":[{"embeddable":true,"href":"https:\/\/indehahn.de\/index.php?rest_route=%2Fwp%2Fv2%2Fcomments&post=12434"}],"version-history":[{"count":12,"href":"https:\/\/indehahn.de\/index.php?rest_route=\/wp\/v2\/posts\/12434\/revisions"}],"predecessor-version":[{"id":12473,"href":"https:\/\/indehahn.de\/index.php?rest_route=\/wp\/v2\/posts\/12434\/revisions\/12473"}],"wp:featuredmedia":[{"embeddable":true,"href":"https:\/\/indehahn.de\/index.php?rest_route=\/wp\/v2\/media\/10957"}],"wp:attachment":[{"href":"https:\/\/indehahn.de\/index.php?rest_route=%2Fwp%2Fv2%2Fmedia&parent=12434"}],"wp:term":[{"taxonomy":"category","embeddable":true,"href":"https:\/\/indehahn.de\/index.php?rest_route=%2Fwp%2Fv2%2Fcategories&post=12434"},{"taxonomy":"post_tag","embeddable":true,"href":"https:\/\/indehahn.de\/index.php?rest_route=%2Fwp%2Fv2%2Ftags&post=12434"}],"curies":[{"name":"wp","href":"https:\/\/api.w.org\/{rel}","templated":true}]}}