{"id":1251,"date":"2014-06-10T00:00:43","date_gmt":"2014-06-09T22:00:43","guid":{"rendered":"http:\/\/inde-hahn.de\/?p=1251"},"modified":"2015-05-16T00:29:21","modified_gmt":"2015-05-15T22:29:21","slug":"erste-holt-3-platz-beim-neuen-ewv-cup","status":"publish","type":"post","link":"https:\/\/indehahn.de\/?p=1251","title":{"rendered":"ERSTE holt 3. Platz beim &#8222;neuen&#8220; EWV Cup"},"content":{"rendered":"<p>Der neu ins Leben gerufene EWV Cup wurde am Pfingstmontag ausgespielt. Im Vorfeld wurde davon gesprochen, dass in diesem Turnier das beste Amateurteam der Region gesucht werden w\u00fcrde und allein das Teilnehmerfeld schon f\u00fcr rasante Begegnungen sprechen sollte. Dass sich der FC Inde Hahn in diesem Feld wiederfinden sollte, zollte unserem Team im Vorfeld schon eine gewisse Anerkennung.<br \/>\nDie sommerlichen Temperaturen und der sp\u00e4te Austragungstermin bzw. die damit stark ausged\u00fcnnten Kader waren jedoch die Gr\u00fcnde daf\u00fcr, dass das Niveau auf dem Platz letztlich nicht das war, was es versprach. Unser Team trat mit Holger Brauers sowie nur einem weiteren Auswechselspieler an, der nach der Verletzung von Hiroshi Koyama wurde dieser dann auch fr\u00fch gebraucht. Weitere Feldspieler-Wechsel waren somit nicht m\u00f6glich. Dem Auftaktremis gegen den Landesligisten SV Rott folgte ein torloses Remis gegen die Zweitvertretung von Alemannia Aachen. Durch den Sieg der Alemannia gegen Rott belegte die Inde somit den zweiten Gruppenplatz und qualifizierte sich damit f\u00fcr das Halbfinale. Das sollte kein leichter Gang werden, denn der ganz knapp am Regionalliga-Aufstieg gescheiterte FC Wegberg-Beeck war der Gegner. Dass der Mittelrheinligist deutlich mehr Ballbesitzzeiten hatte war keine \u00dcberraschung, doch erst gegen Ende der Spielzeit hatte Beeck neben dem optischen \u00dcbergewicht auch gute Abschl\u00fcsse zu verzeichnen. Schlussmann Schnorrenberg, die disziplinierte Defensivleistung des gesamten Teams sowie sicherlich auch Beecks M\u00fche, das notwendige Tempo aufzunehmen, waren f\u00fcr das erneute Remis verantwortlich. Im anschlie\u00dfenden Elfmeterschie\u00dfen sollte Beeck jedoch die besseren Nerven haben und ins Endspiel einziehen. Die Inde leistete sich einen Fehlschuss mehr und so blieb f\u00fcr unser Team das Spiel um Platz 3. Immerhin konnte Hahn so f\u00fcr das anstehende Elfmeterschie\u00dfen um Platz 3 gegen Alemannia II etwas \u00fcben &#8211; ob es schlie\u00dflich an diesem &#8222;Training&#8220; lag, kann nicht sicher beantwortet werden, doch am Ende eines sehr hei\u00dfen Pfingstmontags konnte somit ein sehr erfreulicher 3. Platz beim EWV Cup verzeichnet werden. Das Endspiel gewann Wegberg-Beeck schlie\u00dflich deutlich mit 3:1 gegen den Gastgeber VfL Vichttal.<\/p>\n<div class=\"shariff\" data-title=\"ERSTE holt 3. Platz beim &#8222;neuen&#8220; EWV Cup\" data-info-url=\"http:\/\/ct.de\/-2467514\" data-backend-url=\"https:\/\/indehahn.de\/wp-content\/plugins\/shariff-sharing_UNUSED\/backend\/index.php\" data-temp=\"\/tmp\" data-ttl=\"60\" data-service=\"\" data-services='[\"facebook\",\"whatsapp\",\"mail\"]' data-image=\"\" data-url=\"https:\/\/indehahn.de\/?p=1251\" data-lang=\"de\" data-theme=\"color\" data-orientation=\"horizontal\"><\/div>","protected":false},"excerpt":{"rendered":"<p>Der neu ins Leben gerufene EWV Cup wurde am Pfingstmontag ausgespielt. Im Vorfeld wurde davon gesprochen, dass in diesem Turnier das beste Amateurteam der Region gesucht werden w\u00fcrde und allein das Teilnehmerfeld schon f\u00fcr&#46;&#46;&#46;<\/p>\n","protected":false},"author":2,"featured_media":0,"comment_status":"closed","ping_status":"closed","sticky":false,"template":"","format":"standard","meta":{"ngg_post_thumbnail":0,"footnotes":""},"categories":[11],"tags":[],"class_list":["post-1251","post","type-post","status-publish","format-standard","hentry","category-1-mannschaft"],"_links":{"self":[{"href":"https:\/\/indehahn.de\/index.php?rest_route=\/wp\/v2\/posts\/1251","targetHints":{"allow":["GET"]}}],"collection":[{"href":"https:\/\/indehahn.de\/index.php?rest_route=\/wp\/v2\/posts"}],"about":[{"href":"https:\/\/indehahn.de\/index.php?rest_route=\/wp\/v2\/types\/post"}],"author":[{"embeddable":true,"href":"https:\/\/indehahn.de\/index.php?rest_route=\/wp\/v2\/users\/2"}],"replies":[{"embeddable":true,"href":"https:\/\/indehahn.de\/index.php?rest_route=%2Fwp%2Fv2%2Fcomments&post=1251"}],"version-history":[{"count":1,"href":"https:\/\/indehahn.de\/index.php?rest_route=\/wp\/v2\/posts\/1251\/revisions"}],"predecessor-version":[{"id":1252,"href":"https:\/\/indehahn.de\/index.php?rest_route=\/wp\/v2\/posts\/1251\/revisions\/1252"}],"wp:attachment":[{"href":"https:\/\/indehahn.de\/index.php?rest_route=%2Fwp%2Fv2%2Fmedia&parent=1251"}],"wp:term":[{"taxonomy":"category","embeddable":true,"href":"https:\/\/indehahn.de\/index.php?rest_route=%2Fwp%2Fv2%2Fcategories&post=1251"},{"taxonomy":"post_tag","embeddable":true,"href":"https:\/\/indehahn.de\/index.php?rest_route=%2Fwp%2Fv2%2Ftags&post=1251"}],"curies":[{"name":"wp","href":"https:\/\/api.w.org\/{rel}","templated":true}]}}