{"id":15047,"date":"2019-10-22T21:24:13","date_gmt":"2019-10-22T19:24:13","guid":{"rendered":"https:\/\/inde-hahn.de\/?p=15047"},"modified":"2019-10-22T21:24:49","modified_gmt":"2019-10-22T19:24:49","slug":"grosses-interesse-an-der-diesjaehrigen-mitgliederversammlung","status":"publish","type":"post","link":"https:\/\/indehahn.de\/?p=15047","title":{"rendered":"Gro\u00dfes Interesse an der Mitgliederversammlung"},"content":{"rendered":"<p>Mit 54 stimmberechtigten Mitgliedern war die Beteiligung an der diesj\u00e4hrigen Mitgliederversammlung deutlich gr\u00f6\u00dfer als in den Vorjahren. So waren die Tischreihen im frisch renovierten Vereinsheim gut gef\u00fcllt und die neue Bestuhlung konnte gleich einem ersten H\u00e4rtetest unterzogen werden. Unser Vorsitzender Wilfried Helmer begann dann auch mit einem herzlichen Dank an seine Vorstandskollegen, die teilweise mehrfach bis sp\u00e4t in die Nacht an der Versch\u00f6nerung des Vereinsheims gearbeitet hatten &#8211; man kann nur sagen, dass sich der Aufwand gelohnt hat.<\/p>\n<p>Mit der ersten Abstimmung des Tages wurde Norbert Kindel zum Protokollf\u00fchrer des Abends bestimmt und Dirk Steinmeier verlas anschlie\u00dfend mit allem, was seine Stimme hergab, das lange Protokoll der letzten Mitgliederversammlung. Es gab keine Anmerkungen dazu, aber von Vorstandsseite wurde beantragt, das Protokoll demn\u00e4chst nicht mehr verlesen zu m\u00fcssen. Die Versammlung ist damit einverstanden, dass es bei der n\u00e4chsten Sitzung als Ausdruck ausgelegt wird und so von jedem Mitglied eingesehen werden kann.<\/p>\n<p>Vier Vereinsmitglieder sind im vergangenen Jahr verstorben &#8211; ihnen wurde mit einer Schweigeminute gedacht:<br \/>\nAdele Bieberle<br \/>\nWilli Hermanns<br \/>\nTheo Krott<br \/>\nWerner Setzen<br \/>\nMit Willi Hermanns hat uns das Mitglied mit der Mitgliedsnummer 1 f\u00fcr immer verlassen.<\/p>\n<p>Es folgten die Ehrungen &#8211; f\u00fcr 25-j\u00e4hrigen Vereinsmitgliedschaft wurden Andrea Brepols-Kreitz, Heinz Esser, Klaus Handels und Stefan Kindel mit der silbernen Vereinsnadel und einer Urkunde geehrt. Marga Merx wurde f\u00fcr 50-j\u00e4hrige Mitgliedschaft zum Ehrenmitglied des FC Inde Hahn ernannt.<\/p>\n<p>50 Jahre gibt es nun auch unsere Damen-Freizeitgruppe, die daf\u00fcr ebenfalls geehrt wurde. Neun Gr\u00fcndungsmitglieder dieser Gruppe sind immer noch dabei und man trifft sich nicht nur regelm\u00e4\u00dfig dienstags zum Sport, sondern auch gerne au\u00dferhalb der Sporthalle &#8211; mit oder ohne Anlass. In diesem Jahr sind die Damen im Aachener Eurogress f\u00fcr erfolgreiche Integrationsarbeit im Sport von der Stadt Aachen ausgezeichnet worden. Als Anerkennung stellt der Vorstand 1000 Euro f\u00fcr die anstehenden Feierlichkeiten zur Verf\u00fcgung und nat\u00fcrlich durfte Christel Gier als &#8222;Chefin&#8220; der Gruppe einen dicken Blumenstrau\u00df in Empfang nehmen.<\/p>\n<p>Es folgte der Finanzbericht f\u00fcr das abgelaufene Gesch\u00e4ftsjahr 2018\/19, der von unserem neuen Steuerberater Benedikt R\u00f6\u00dfeler erstellt wurde. Er weist einen leichten \u00dcberschuss von etwa 3000 Euro und einen weiterhin positiven Kassenbestand aus. Mit einer Eigenkapitalquote von 98,5% ist der Verein praktisch schuldenfrei und die Finanzlage kann als absolut gesund bezeichnet werden, was auch durch die dankenswerte Hilfe von Sponsoren erreicht wurde. Der Revisorenbericht von Dirk Crott und Dirk Jentges bescheinigte dem Verein eine einwandfreie Kassenf\u00fchrung, so dass die Versammlung dem Vorstand ohne eine einzige Gegenstimme die Entlastung erteilen konnte.<\/p>\n<p>Die Berichte der einzelnen Ressortleiter waren wie immer sehr ausf\u00fchrlich &#8211; wer sich f\u00fcr den Verein interessiert und regelm\u00e4\u00dfig unsere Webseiten liest, den konnten sie nicht \u00fcberraschen. Trotz des R\u00fcckzugs der 1. Mannschaft aus der Landesliga ist das abgelaufene Gesch\u00e4ftsjahr sehr erfolgreich verlaufen &#8211; alle Events wurden professionell organisiert und durchgef\u00fchrt und alle Abteilungen sind stabil und die diversen Sportangebote des Vereins gefragt, was auch die von Ellen Kindel vermeldete und fast unver\u00e4ndert gebliebene Mitgliederzahl von 527 best\u00e4tigte.<\/p>\n<p>Finanzchef Juppi Hellebrandt griff in seinem Bericht schon ein wenig vor und gab auch gleich das geplante Budget f\u00fcr das aktuelle Gesch\u00e4ftsjahr 2019\/20 zum Besten. Erwartet wird zumindest eine schwarze Null, eventuelle \u00dcbersch\u00fcsse sollen f\u00fcr zuk\u00fcnftige Infrastrukturma\u00dfnahmen zur\u00fcckgelegt werden.<\/p>\n<p>Im Anschluss an die Ressortberichte dankte unser Ehrenvorsitzender Helmut Jentges dem Vorstand f\u00fcr seine nimmerm\u00fcde Arbeit, was von den Anwesenden mit einem tosenden Applaus unterstrichen wurde.<\/p>\n<p>Der Tagesordnungspunkt Wahlen war diesmal schnell abgehandelt, denn nur der Ressortleiter Marketing musste neu gew\u00e4hlt bzw. in diesem Fall einfach nur best\u00e4tigt werden. Sebastian Fillinger wurde ohne Gegenstimme zum neuen und alten Marketing-Chef gew\u00e4hlt und er bekam anschlie\u00dfend ein dickes Extralob von Wilfried Helmer f\u00fcr seinen unglaublichen und vielf\u00e4ltigen Einsatz zum Wohle des Vereins. Ein Revisorenposten musste au\u00dferdem neu besetzt werden &#8211; hier wurde Norbert L\u00f6hr f\u00fcr 2 Jahre gew\u00e4hlt.<\/p>\n<p>Unter dem Punkt Sonstiges wurde nach dem Fortschritt der Parkplatz-Erweiterung gefragt. Hier gibt es noch keine finale Entscheidung der Stadt Aachen, so dass es noch keine Detailplanung gibt. Der Vorstand wird dieses wichtige Projekt aber weiterhin vorantreiben.<\/p>\n<p>Zum Abschluss der Sitzung weist Wilfried Helmer auf die Feierlichkeiten zum 75. Geburtstag des Vereins im Jahre 2021 hin &#8211; hier soll wirklich jeder Ideen, Gedanken und Vorschl\u00e4ge einbringen, denn es soll ein Fest von allen Mitgliedern f\u00fcr alle Mitglieder werden. Es folgte ein Dank an Annemarie und Silvia, die die erschienenen Mitglieder flei\u00dfig mit Getr\u00e4nken versorgt hatten, und die Einladung an alle zum Besuch der Spiele unserer Fu\u00dfballer am folgenden Sonntag. Gegen 21:45 wurde die Versammlung beendet und wie \u00fcblich war das nur der Auftakt zum gem\u00fctlichen Teil des Abends.<\/p>\n<div class=\"shariff\" data-title=\"Gro\u00dfes Interesse an der Mitgliederversammlung\" data-info-url=\"http:\/\/ct.de\/-2467514\" data-backend-url=\"https:\/\/indehahn.de\/wp-content\/plugins\/shariff-sharing_UNUSED\/backend\/index.php\" data-temp=\"\/tmp\" data-ttl=\"60\" data-service=\"\" data-services='[\"facebook\",\"whatsapp\",\"mail\"]' data-image=\"\" data-url=\"https:\/\/indehahn.de\/?p=15047\" data-lang=\"de\" data-theme=\"color\" data-orientation=\"horizontal\"><\/div>","protected":false},"excerpt":{"rendered":"<p>Mit 54 stimmberechtigten Mitgliedern war die Beteiligung an der diesj\u00e4hrigen Mitgliederversammlung deutlich gr\u00f6\u00dfer als in den Vorjahren. So waren die Tischreihen im frisch renovierten Vereinsheim gut gef\u00fcllt und die neue Bestuhlung konnte gleich einem&#46;&#46;&#46;<\/p>\n","protected":false},"author":2,"featured_media":15048,"comment_status":"closed","ping_status":"closed","sticky":false,"template":"","format":"image","meta":{"ngg_post_thumbnail":0,"footnotes":""},"categories":[6,1],"tags":[],"class_list":["post-15047","post","type-post","status-publish","format-image","has-post-thumbnail","hentry","category-top-news","category-verein","post_format-post-format-image"],"_links":{"self":[{"href":"https:\/\/indehahn.de\/index.php?rest_route=\/wp\/v2\/posts\/15047","targetHints":{"allow":["GET"]}}],"collection":[{"href":"https:\/\/indehahn.de\/index.php?rest_route=\/wp\/v2\/posts"}],"about":[{"href":"https:\/\/indehahn.de\/index.php?rest_route=\/wp\/v2\/types\/post"}],"author":[{"embeddable":true,"href":"https:\/\/indehahn.de\/index.php?rest_route=\/wp\/v2\/users\/2"}],"replies":[{"embeddable":true,"href":"https:\/\/indehahn.de\/index.php?rest_route=%2Fwp%2Fv2%2Fcomments&post=15047"}],"version-history":[{"count":2,"href":"https:\/\/indehahn.de\/index.php?rest_route=\/wp\/v2\/posts\/15047\/revisions"}],"predecessor-version":[{"id":15050,"href":"https:\/\/indehahn.de\/index.php?rest_route=\/wp\/v2\/posts\/15047\/revisions\/15050"}],"wp:featuredmedia":[{"embeddable":true,"href":"https:\/\/indehahn.de\/index.php?rest_route=\/wp\/v2\/media\/15048"}],"wp:attachment":[{"href":"https:\/\/indehahn.de\/index.php?rest_route=%2Fwp%2Fv2%2Fmedia&parent=15047"}],"wp:term":[{"taxonomy":"category","embeddable":true,"href":"https:\/\/indehahn.de\/index.php?rest_route=%2Fwp%2Fv2%2Fcategories&post=15047"},{"taxonomy":"post_tag","embeddable":true,"href":"https:\/\/indehahn.de\/index.php?rest_route=%2Fwp%2Fv2%2Ftags&post=15047"}],"curies":[{"name":"wp","href":"https:\/\/api.w.org\/{rel}","templated":true}]}}