{"id":15161,"date":"2019-12-12T18:58:27","date_gmt":"2019-12-12T17:58:27","guid":{"rendered":"https:\/\/inde-hahn.de\/?p=15161"},"modified":"2019-12-12T10:58:45","modified_gmt":"2019-12-12T09:58:45","slug":"ueberraschung-schon-vor-weihnachten","status":"publish","type":"post","link":"https:\/\/indehahn.de\/?p=15161","title":{"rendered":"\u00dcberraschung schon vor Weihnachten"},"content":{"rendered":"<p>Unser Vorsitzender Wilfried Helmer \u00fcberraschte am Dienstag dieser Woche unsere Damen-Freizeitgruppe bei ihrer w\u00f6chentlichen Turneinheit in der Sporthalle der Grundschule Kornelim\u00fcnster mit seinem Besuch. Allerdings kam er nicht allein, denn er hatte Bernd Mommertz, den<br \/>\nVorsitzenden des Fu\u00dfballkreises Aachen sowie Gregor M\u00fcller, den Ehrenamtsbeauftragten des FVM-Kreises Aachen mitgebracht.<\/p>\n<p>Wilfried hatte Mitte des Jahres Bernd Mommertz das 50-j\u00e4hrige Bestehen unserer Freizeitgruppe &#8222;ans Herz gelegt&#8220;, die seit 35 Jahren von Christel Gier geleitet wird. Am 19. Oktober tagte in Hennef der Ehrungsausschuss des Fu\u00dfballverbands Mittelrhein &#8211; normalerweise werden dort nur Ehrungen im Bereich Fu\u00dfball thematisiert, doch Bernd Mommertz sorgte mit seiner Eingabe f\u00fcr die \u00c4nderung eines Satzungsparagraphen mit dem Ergebnis, dass nun die Ehrung des Fu\u00dfballverbands Mittelrhein f\u00fcr Christel Gier und ihre 35-j\u00e4hrige ehrenamtliche Leitung der Damen-Freizeitgruppe des FC Inde Hahn stattfinden konnte.<\/p>\n<p>Christel erhielt aus den H\u00e4nden von Gregor M\u00fcller die obligatorische Urkunde sowie die offizielle DFB-Ehrenamtsuhr und man konnte ihr die gelungene \u00dcberraschung deutlich ansehen.<\/p>\n<p>Wir gratulieren auch von dieser Stelle ganz herzlich und m\u00f6chten uns bei Christel und der ganzen Freizeitgruppe f\u00fcr viele Jahre nimmerm\u00fcdes sportliches Engagement bedanken.<\/p>\n<hr \/>\n<p><img loading=\"lazy\" decoding=\"async\" src=\"https:\/\/indehahn.de\/wp-content\/uploads\/2019\/12\/EhrungChristelGier-1.jpg\" alt=\"\" width=\"800\" height=\"600\" class=\"alignnone size-full wp-image-15163\" srcset=\"https:\/\/indehahn.de\/wp-content\/uploads\/2019\/12\/EhrungChristelGier-1.jpg 800w, https:\/\/indehahn.de\/wp-content\/uploads\/2019\/12\/EhrungChristelGier-1-300x225.jpg 300w, https:\/\/indehahn.de\/wp-content\/uploads\/2019\/12\/EhrungChristelGier-1-200x150.jpg 200w\" sizes=\"auto, (max-width: 800px) 100vw, 800px\" \/><\/p>\n<p><img loading=\"lazy\" decoding=\"async\" src=\"https:\/\/indehahn.de\/wp-content\/uploads\/2019\/12\/EhrungChristelGier-3.jpg\" alt=\"\" width=\"800\" height=\"507\" class=\"alignnone size-full wp-image-15164\" srcset=\"https:\/\/indehahn.de\/wp-content\/uploads\/2019\/12\/EhrungChristelGier-3.jpg 800w, https:\/\/indehahn.de\/wp-content\/uploads\/2019\/12\/EhrungChristelGier-3-300x190.jpg 300w, https:\/\/indehahn.de\/wp-content\/uploads\/2019\/12\/EhrungChristelGier-3-200x127.jpg 200w\" sizes=\"auto, (max-width: 800px) 100vw, 800px\" \/><\/p>\n<div class=\"shariff\" data-title=\"\u00dcberraschung schon vor Weihnachten\" data-info-url=\"http:\/\/ct.de\/-2467514\" data-backend-url=\"https:\/\/indehahn.de\/wp-content\/plugins\/shariff-sharing_UNUSED\/backend\/index.php\" data-temp=\"\/tmp\" data-ttl=\"60\" data-service=\"\" data-services='[\"facebook\",\"whatsapp\",\"mail\"]' data-image=\"https:\/\/indehahn.de\/wp-content\/uploads\/2019\/12\/EhrungChristelGier-1.jpg\" data-url=\"https:\/\/indehahn.de\/?p=15161\" data-lang=\"de\" data-theme=\"color\" data-orientation=\"horizontal\"><\/div>","protected":false},"excerpt":{"rendered":"<p>Unser Vorsitzender Wilfried Helmer \u00fcberraschte am Dienstag dieser Woche unsere Damen-Freizeitgruppe bei ihrer w\u00f6chentlichen Turneinheit in der Sporthalle der Grundschule Kornelim\u00fcnster mit seinem Besuch. Allerdings kam er nicht allein, denn er hatte Bernd Mommertz,&#46;&#46;&#46;<\/p>\n","protected":false},"author":2,"featured_media":15162,"comment_status":"closed","ping_status":"closed","sticky":false,"template":"","format":"image","meta":{"ngg_post_thumbnail":0,"footnotes":""},"categories":[17],"tags":[],"class_list":["post-15161","post","type-post","status-publish","format-image","has-post-thumbnail","hentry","category-damen-freizeitgruppe","post_format-post-format-image"],"_links":{"self":[{"href":"https:\/\/indehahn.de\/index.php?rest_route=\/wp\/v2\/posts\/15161","targetHints":{"allow":["GET"]}}],"collection":[{"href":"https:\/\/indehahn.de\/index.php?rest_route=\/wp\/v2\/posts"}],"about":[{"href":"https:\/\/indehahn.de\/index.php?rest_route=\/wp\/v2\/types\/post"}],"author":[{"embeddable":true,"href":"https:\/\/indehahn.de\/index.php?rest_route=\/wp\/v2\/users\/2"}],"replies":[{"embeddable":true,"href":"https:\/\/indehahn.de\/index.php?rest_route=%2Fwp%2Fv2%2Fcomments&post=15161"}],"version-history":[{"count":2,"href":"https:\/\/indehahn.de\/index.php?rest_route=\/wp\/v2\/posts\/15161\/revisions"}],"predecessor-version":[{"id":15166,"href":"https:\/\/indehahn.de\/index.php?rest_route=\/wp\/v2\/posts\/15161\/revisions\/15166"}],"wp:featuredmedia":[{"embeddable":true,"href":"https:\/\/indehahn.de\/index.php?rest_route=\/wp\/v2\/media\/15162"}],"wp:attachment":[{"href":"https:\/\/indehahn.de\/index.php?rest_route=%2Fwp%2Fv2%2Fmedia&parent=15161"}],"wp:term":[{"taxonomy":"category","embeddable":true,"href":"https:\/\/indehahn.de\/index.php?rest_route=%2Fwp%2Fv2%2Fcategories&post=15161"},{"taxonomy":"post_tag","embeddable":true,"href":"https:\/\/indehahn.de\/index.php?rest_route=%2Fwp%2Fv2%2Ftags&post=15161"}],"curies":[{"name":"wp","href":"https:\/\/api.w.org\/{rel}","templated":true}]}}