{"id":15702,"date":"2020-08-28T15:50:06","date_gmt":"2020-08-28T13:50:06","guid":{"rendered":"https:\/\/indehahn.de\/?p=15702"},"modified":"2020-08-28T15:50:06","modified_gmt":"2020-08-28T13:50:06","slug":"bei-der-u19-laeuft-es-immer-besser","status":"publish","type":"post","link":"https:\/\/indehahn.de\/?p=15702","title":{"rendered":"Bei der U19 l\u00e4uft es immer besser"},"content":{"rendered":"<p>Schon seit dem 30. Juli trainiert auch unsere U19 wieder. Der Mannschaftskader besteht aus 25 Jungs der Jahrg\u00e4nge 2002 und 2003. Mit zwei Trainingseinheiten und einem Testspiel pro Woche bereitet sich die Mannschaft unter der Leitung des Trainerteams Malte Mose, El-Hassane Benyamna und Marcel Rohner auf die neue Saison vor. Die bisherigen Testspielgegner waren Arminia Eilendorf, Eintracht Kornelim\u00fcnster, SV Nordeifel und der VFL Vichttal &#8211; die Ergebnisse waren dabei durchwachsen, die Entwicklungskurve geht aber stetig nach oben. Von Training zu Training hat man sich gesteigert und von Spiel zu Spiel besser zusammengefunden, so dass auch der Erfolg nicht ausblieb.<\/p>\n<p>Am vergangenen Mittwoch konnte man in einem Flutlichtspiel die Zweitvertretung des VfL Vichttal deutlich schlagen: in einer einer richtig guten ersten Halbzeit erzielten die Hahner 9 Tore (alle Treffer durch Levin Leinders!) &#8211; dabei zeigte man sich mannschaftlich sehr geschlossen und alle Spieler wollten unbedingt den ersten Testspiel-Sieg einfahren. Nach einer eher durchwachsenen zweiten Halbzeit gelang das auch \u00fcberdeutlich mit 12:0.<\/p>\n<p>Weiter geht&#8217;s am Dienstag mit einem Fototermin (ein aktuelles Teamfoto muss her!) und einer Trainingseinheit sowie dem ersten Pflichtspiel am kommenden Mittwoch &#8211; dann steht das Pokalspiel gegen Blau-Wei\u00df Aachen am heimischen Kitzenhausweg auf dem Programm. Am folgenden Donnerstag wird an der Taktik gefeilt und anschlie\u00dfend eine weitere Einheit auf dem Platz absolviert, bevor dann am Samstag der kommenden Woche die Meisterschaftssaison beginnt. Da geht es zun\u00e4chst um die Qualifikation zur Leistungsliga und der erste Gegner wird in einem Ausw\u00e4rtsspiel die Eintracht aus Warden sein.<\/p>\n<p>Trainer und Spieler freuen sich auf die n\u00e4chsten Wochen mit den vielen anstehenden Aufgaben und das Projekt U19. Ein gro\u00dfer Dank gilt allen, die die Mannschaft bei den Spielen und drumherum tatkr\u00e4ftig unterst\u00fctzen!<\/p>\n<div class=\"shariff\" data-title=\"Bei der U19 l\u00e4uft es immer besser\" data-info-url=\"http:\/\/ct.de\/-2467514\" data-backend-url=\"https:\/\/indehahn.de\/wp-content\/plugins\/shariff-sharing_UNUSED\/backend\/index.php\" data-temp=\"\/tmp\" data-ttl=\"60\" data-service=\"\" data-services='[\"facebook\",\"whatsapp\",\"mail\"]' data-image=\"\" data-url=\"https:\/\/indehahn.de\/?p=15702\" data-lang=\"de\" data-theme=\"color\" data-orientation=\"horizontal\"><\/div>","protected":false},"excerpt":{"rendered":"<p>Schon seit dem 30. Juli trainiert auch unsere U19 wieder. Der Mannschaftskader besteht aus 25 Jungs der Jahrg\u00e4nge 2002 und 2003. Mit zwei Trainingseinheiten und einem Testspiel pro Woche bereitet sich die Mannschaft unter&#46;&#46;&#46;<\/p>\n","protected":false},"author":2,"featured_media":11110,"comment_status":"closed","ping_status":"closed","sticky":false,"template":"","format":"image","meta":{"ngg_post_thumbnail":0,"footnotes":""},"categories":[3],"tags":[],"class_list":["post-15702","post","type-post","status-publish","format-image","has-post-thumbnail","hentry","category-fussball-junioren","post_format-post-format-image"],"_links":{"self":[{"href":"https:\/\/indehahn.de\/index.php?rest_route=\/wp\/v2\/posts\/15702","targetHints":{"allow":["GET"]}}],"collection":[{"href":"https:\/\/indehahn.de\/index.php?rest_route=\/wp\/v2\/posts"}],"about":[{"href":"https:\/\/indehahn.de\/index.php?rest_route=\/wp\/v2\/types\/post"}],"author":[{"embeddable":true,"href":"https:\/\/indehahn.de\/index.php?rest_route=\/wp\/v2\/users\/2"}],"replies":[{"embeddable":true,"href":"https:\/\/indehahn.de\/index.php?rest_route=%2Fwp%2Fv2%2Fcomments&post=15702"}],"version-history":[{"count":0,"href":"https:\/\/indehahn.de\/index.php?rest_route=\/wp\/v2\/posts\/15702\/revisions"}],"wp:featuredmedia":[{"embeddable":true,"href":"https:\/\/indehahn.de\/index.php?rest_route=\/wp\/v2\/media\/11110"}],"wp:attachment":[{"href":"https:\/\/indehahn.de\/index.php?rest_route=%2Fwp%2Fv2%2Fmedia&parent=15702"}],"wp:term":[{"taxonomy":"category","embeddable":true,"href":"https:\/\/indehahn.de\/index.php?rest_route=%2Fwp%2Fv2%2Fcategories&post=15702"},{"taxonomy":"post_tag","embeddable":true,"href":"https:\/\/indehahn.de\/index.php?rest_route=%2Fwp%2Fv2%2Ftags&post=15702"}],"curies":[{"name":"wp","href":"https:\/\/api.w.org\/{rel}","templated":true}]}}