{"id":16542,"date":"2021-04-30T19:07:10","date_gmt":"2021-04-30T17:07:10","guid":{"rendered":"https:\/\/indehahn.de\/?p=16542"},"modified":"2021-04-30T19:07:10","modified_gmt":"2021-04-30T17:07:10","slug":"corona-verhagelt-auch-unsere-geburtstagsfeier","status":"publish","type":"post","link":"https:\/\/indehahn.de\/?p=16542","title":{"rendered":"Corona &#8222;verhagelt&#8220; auch unsere Geburtstagsfeier"},"content":{"rendered":"<p>Liebe Mitglieder, liebe Freunde und Unterst\u00fctzer des Vereins,<\/p>\n<p>viele von euch werden sicherlich die Vorank\u00fcndigung vom 15. Februar in unserer Website gelesen haben, in der wir \u00fcber den Planungsstand der Feierlichkeiten zum 75. Geburtstag des Vereins berichtet hatten. Unter dem Motto &#8222;Spiel und Spa\u00df f\u00fcr Jung und Alt&#8220; war geplant, am 28. und 29. Mai ein rauschendes Fest mit euch gemeinsam am Kitzenhausweg zu feiern.<\/p>\n<p>Leider m\u00fcssen wir euch heute mitteilen, dass der Vorstand das geplante Geburstagsfest absagen muss. Die epidemiologische Entwicklung und die sich daraus ergebende Infektionslage ist einfach zu unsicher, um eine Durchf\u00fchrung vertreten zu k\u00f6nnen. Dar\u00fcber hinaus wurde von der Stadt Aachen keine Genehmigung f\u00fcr die Durchf\u00fchrung unserer Feierlichkeiten erteilt, womit wir nat\u00fcrlich leider auch rechnen mussten.<\/p>\n<p>W\u00f6rtlich hei\u00dft es an unseren Vorsitzenden :<br \/>\nSehr geehrter Herr Helmer, leider muss ich Ihnen mitteilen, dass das Fest am 28.\/29.05.2021 nicht stattfinden kann.<br \/>\n&#8222;Verordnung zum Schutz vor Neuinfizierungen mit dem Coronavirus SARS-CoV-2(Coronaschutzverordnung \u2013 CoronaSchVO) vom 05. M\u00e4rz 2021<br \/>\nIn der ab dem 19. April 2021 g\u00fcltigen Fassung<br \/>\n(3) Gro\u00dfe Festveranstaltungen sind mindestens bis zum 31.05.2021 untersagt.<br \/>\nGro\u00dfe Festveranstaltungen sind in der Regel:<br \/>\n1. Volksfeste nach \u00a7 60b der Gewerbeordnung (einschlie\u00dflich Kirmesveranstaltungen und \u00e4hnlichem),<br \/>\n2. Stadt-, Dorf- und Stra\u00dfenfeste<br \/>\n3. Sch\u00fctzenfeste<br \/>\n4. Weinfeste und<br \/>\n5. \u00e4hnliche Festveranstaltungen.&#8220; <\/p>\n<p>Diese Absage schmerzt nat\u00fcrlich umso mehr, weil seit \u00fcber einem Jahr viele freiwillige Stunden, Tage und Wochen in die Vorbereitung investiert wurden. Aber die oberste Prorit\u00e4t hat nach wie vor der vorsorgliche Schutz und die Gesundheit von uns allen.<\/p>\n<p>Ob und in welcher Form wir unseren Geburtstag nachfeiern k\u00f6nnen, werden wir euch wie immer auf dieser Seite mitteilen. Was wir allerdings versprechen k\u00f6nnen, ist eine tolle Festschrift, die kurz vor dem Geburtstagstermin (30. Mai) an alle Mitglieder und Interessenten verteilt werden soll und euch sicher ein paar sch\u00f6ne Lesestunden bescheren wird.<\/p>\n<p>Mit sportlichem Gru\u00df<\/p>\n<p>Wilfried Helmer<br \/>\nf\u00fcr den Vorstand und Festausschuss<\/p>\n<p>Bleibt gesund!<\/p>\n<div class=\"shariff\" data-title=\"Corona &#8222;verhagelt&#8220; auch unsere Geburtstagsfeier\" data-info-url=\"http:\/\/ct.de\/-2467514\" data-backend-url=\"https:\/\/indehahn.de\/wp-content\/plugins\/shariff-sharing_UNUSED\/backend\/index.php\" data-temp=\"\/tmp\" data-ttl=\"60\" data-service=\"\" data-services='[\"facebook\",\"whatsapp\",\"mail\"]' data-image=\"\" data-url=\"https:\/\/indehahn.de\/?p=16542\" data-lang=\"de\" data-theme=\"color\" data-orientation=\"horizontal\"><\/div>","protected":false},"excerpt":{"rendered":"<p>Liebe Mitglieder, liebe Freunde und Unterst\u00fctzer des Vereins, viele von euch werden sicherlich die Vorank\u00fcndigung vom 15. Februar in unserer Website gelesen haben, in der wir \u00fcber den Planungsstand der Feierlichkeiten zum 75. Geburtstag&#46;&#46;&#46;<\/p>\n","protected":false},"author":2,"featured_media":11075,"comment_status":"closed","ping_status":"closed","sticky":false,"template":"","format":"image","meta":{"ngg_post_thumbnail":0,"footnotes":""},"categories":[6,1],"tags":[],"class_list":["post-16542","post","type-post","status-publish","format-image","has-post-thumbnail","hentry","category-top-news","category-verein","post_format-post-format-image"],"_links":{"self":[{"href":"https:\/\/indehahn.de\/index.php?rest_route=\/wp\/v2\/posts\/16542","targetHints":{"allow":["GET"]}}],"collection":[{"href":"https:\/\/indehahn.de\/index.php?rest_route=\/wp\/v2\/posts"}],"about":[{"href":"https:\/\/indehahn.de\/index.php?rest_route=\/wp\/v2\/types\/post"}],"author":[{"embeddable":true,"href":"https:\/\/indehahn.de\/index.php?rest_route=\/wp\/v2\/users\/2"}],"replies":[{"embeddable":true,"href":"https:\/\/indehahn.de\/index.php?rest_route=%2Fwp%2Fv2%2Fcomments&post=16542"}],"version-history":[{"count":2,"href":"https:\/\/indehahn.de\/index.php?rest_route=\/wp\/v2\/posts\/16542\/revisions"}],"predecessor-version":[{"id":16544,"href":"https:\/\/indehahn.de\/index.php?rest_route=\/wp\/v2\/posts\/16542\/revisions\/16544"}],"wp:featuredmedia":[{"embeddable":true,"href":"https:\/\/indehahn.de\/index.php?rest_route=\/wp\/v2\/media\/11075"}],"wp:attachment":[{"href":"https:\/\/indehahn.de\/index.php?rest_route=%2Fwp%2Fv2%2Fmedia&parent=16542"}],"wp:term":[{"taxonomy":"category","embeddable":true,"href":"https:\/\/indehahn.de\/index.php?rest_route=%2Fwp%2Fv2%2Fcategories&post=16542"},{"taxonomy":"post_tag","embeddable":true,"href":"https:\/\/indehahn.de\/index.php?rest_route=%2Fwp%2Fv2%2Ftags&post=16542"}],"curies":[{"name":"wp","href":"https:\/\/api.w.org\/{rel}","templated":true}]}}