{"id":16749,"date":"2021-08-29T21:30:23","date_gmt":"2021-08-29T19:30:23","guid":{"rendered":"https:\/\/indehahn.de\/?p=16749"},"modified":"2021-08-29T21:30:23","modified_gmt":"2021-08-29T19:30:23","slug":"jugendabteilung-meldet-sich-mit-saisoneroeffnung-zurueck","status":"publish","type":"post","link":"https:\/\/indehahn.de\/?p=16749","title":{"rendered":"Jugendabteilung meldet sich mit Saisoner\u00f6ffnung zur\u00fcck"},"content":{"rendered":"<h3>Emotionaler Abschied in den Trainerruhestand von Franz-Josef Hansen<\/h3>\n<p>Bei besten \u00e4u\u00dferen Bedingungen konnte sich die Jugendabteilung des FC Inde Hahn in voller St\u00e4rke in der Fu\u00dfballwelt zur\u00fcckmelden. Trotz Corona-Pandemie und einer kurzen Vorbereitungszeit nach den Sommerferien ist dem Verein mit allen Beteiligten am vorletzten Samstag ein wunderbarer Familientag gelungen. Man merkte deutlich, wie Spieler, Eltern und ausw\u00e4rtige G\u00e4ste so einen Tag in den letzten anderthalb Jahren vermisst haben. Auch der sonnig-blaue Himmel \u00fcber Hahn lie\u00df die Laune von Spiel zu Spiel steigen. Das Gastro-Team verw\u00f6hnte wie gewohnt sehr professionell alle Anwesenden &#8211; Stadionwurst und die ber\u00fchmten Hahner Waffeln waren bis in den fr\u00fchen Abend hinein hei\u00df begehrt. Mit den einzelnen Partien konnten gleich die neuen Mannschaftsfotos geschossen werden, die man bereits seit dem letzten Wochenende auf den Mannschaftsseiten in unserer Website betrachten kann.<br \/>\nDank der hervorragenden sportlichen Organisation durch Udo Kindel war der zeitliche Ablauf nie gef\u00e4hrdet, so dass sich keine gr\u00f6\u00dferen Verz\u00f6gerungen einstellten. Alle Mannschaften von den Bambini bis zu den A-Junioren konnten sich hervorragend pr\u00e4sentieren, so dass der Auftritt unserer jungen Spieler wieder Lust auf die neue Fu\u00dfballsaison gemacht hat.<\/p>\n<p>In der Pause um 12:30 Uhr wurde es emotional: unser langj\u00e4hriger Bambini-Trainer und Hahner Urgestein Franz-Jupp Hansen wurde in den Trainer-Ruhestand entlassen. G\u00e4nzlich ahnungslos betrat Franz-Jupp den Platz und wurde mit Worten voller Dankbarkeit von unserem Vorsitzenden Wilfried Helmer und Jugendleiter Karsten Kasperek geehrt und verabschiedet. Ein feiner Sportsmann verl\u00e4sst die B\u00fchne in den wohlverdienten Ruhestand &#8211; er trug in seiner aktiven Spielzeit weit \u00fcber tausend Mal das Trikot des FC Inde Hahn, ist seit 1953 Mitglied, erhielt bereits 1974 die silberne Ehrennadel des DFB und 2016 sogar die goldene Ehrennadel. Er hat Generationen von Hahner Spielern das Fu\u00dfballspielen in seinem ganz eigenen Stil beigebracht und dabei immer den Spa\u00df und die Fairness in den Vordergrund gestellt. Schlie\u00dflich rief der Jugendleiter viele ehemalige Bambini auf den Platz und es kamen zahlreiche junge Kicker von den aktuellen Bambini bis hoch zur 2. Mannschaft. Viele waren der Einladung gefolgt, obwohl einige von ihnen mittlerweile in anderen Vereinen aktiv sind &#8211; alle wollten sich von &#8222;ihrem Franz-Jupp&#8220; verabschieden. G\u00e4nzlich ger\u00fchrt genoss der Jubilar (er vollendete obendrein am 13. August sein 80. Lebensjahr) das Bad in der Menge seiner ehemaligen Sch\u00fctzlinge. Dank einer Spendenaktion wurden alle anwesenden Jugendlichen im Zuge der Verabschiedung zu einem Getr\u00e4nk und einer Stadionwurst eingeladen. Nach diesen bewegenden Momenten kann man nur sagen: &#8222;Franz-Jupp ist Inde Hahn!&#8220;.<\/p>\n<hr \/>\n<p><img loading=\"lazy\" decoding=\"async\" src=\"https:\/\/indehahn.de\/wp-content\/uploads\/2021\/08\/Saisoneroeffnung002.jpg\" alt=\"\" width=\"800\" height=\"531\" class=\"alignnone size-full wp-image-16753\" srcset=\"https:\/\/indehahn.de\/wp-content\/uploads\/2021\/08\/Saisoneroeffnung002.jpg 800w, https:\/\/indehahn.de\/wp-content\/uploads\/2021\/08\/Saisoneroeffnung002-300x199.jpg 300w, https:\/\/indehahn.de\/wp-content\/uploads\/2021\/08\/Saisoneroeffnung002-200x133.jpg 200w\" sizes=\"auto, (max-width: 800px) 100vw, 800px\" \/> <img loading=\"lazy\" decoding=\"async\" src=\"https:\/\/indehahn.de\/wp-content\/uploads\/2021\/08\/Saisoneroeffnung003.jpg\" alt=\"\" width=\"800\" height=\"553\" class=\"alignnone size-full wp-image-16754\" srcset=\"https:\/\/indehahn.de\/wp-content\/uploads\/2021\/08\/Saisoneroeffnung003.jpg 800w, https:\/\/indehahn.de\/wp-content\/uploads\/2021\/08\/Saisoneroeffnung003-300x207.jpg 300w, https:\/\/indehahn.de\/wp-content\/uploads\/2021\/08\/Saisoneroeffnung003-200x138.jpg 200w\" sizes=\"auto, (max-width: 800px) 100vw, 800px\" \/> <img loading=\"lazy\" decoding=\"async\" src=\"https:\/\/indehahn.de\/wp-content\/uploads\/2021\/08\/Saisoneroeffnung005.jpg\" alt=\"\" width=\"800\" height=\"521\" class=\"alignnone size-full wp-image-16755\" srcset=\"https:\/\/indehahn.de\/wp-content\/uploads\/2021\/08\/Saisoneroeffnung005.jpg 800w, https:\/\/indehahn.de\/wp-content\/uploads\/2021\/08\/Saisoneroeffnung005-300x195.jpg 300w, https:\/\/indehahn.de\/wp-content\/uploads\/2021\/08\/Saisoneroeffnung005-200x130.jpg 200w\" sizes=\"auto, (max-width: 800px) 100vw, 800px\" \/> <img loading=\"lazy\" decoding=\"async\" src=\"https:\/\/indehahn.de\/wp-content\/uploads\/2021\/08\/Saisoneroeffnung007.jpg\" alt=\"\" width=\"800\" height=\"411\" class=\"alignnone size-full wp-image-16756\" srcset=\"https:\/\/indehahn.de\/wp-content\/uploads\/2021\/08\/Saisoneroeffnung007.jpg 800w, https:\/\/indehahn.de\/wp-content\/uploads\/2021\/08\/Saisoneroeffnung007-300x154.jpg 300w, https:\/\/indehahn.de\/wp-content\/uploads\/2021\/08\/Saisoneroeffnung007-200x103.jpg 200w\" sizes=\"auto, (max-width: 800px) 100vw, 800px\" \/> <img loading=\"lazy\" decoding=\"async\" src=\"https:\/\/indehahn.de\/wp-content\/uploads\/2021\/08\/Saisoneroeffnung008.jpg\" alt=\"\" width=\"800\" height=\"420\" class=\"alignnone size-full wp-image-16757\" srcset=\"https:\/\/indehahn.de\/wp-content\/uploads\/2021\/08\/Saisoneroeffnung008.jpg 800w, https:\/\/indehahn.de\/wp-content\/uploads\/2021\/08\/Saisoneroeffnung008-300x158.jpg 300w, https:\/\/indehahn.de\/wp-content\/uploads\/2021\/08\/Saisoneroeffnung008-200x105.jpg 200w\" sizes=\"auto, (max-width: 800px) 100vw, 800px\" \/> <img loading=\"lazy\" decoding=\"async\" src=\"https:\/\/indehahn.de\/wp-content\/uploads\/2021\/08\/Saisoneroeffnung009.jpg\" alt=\"\" width=\"800\" height=\"531\" class=\"alignnone size-full wp-image-16758\" srcset=\"https:\/\/indehahn.de\/wp-content\/uploads\/2021\/08\/Saisoneroeffnung009.jpg 800w, https:\/\/indehahn.de\/wp-content\/uploads\/2021\/08\/Saisoneroeffnung009-300x199.jpg 300w, https:\/\/indehahn.de\/wp-content\/uploads\/2021\/08\/Saisoneroeffnung009-200x133.jpg 200w\" sizes=\"auto, (max-width: 800px) 100vw, 800px\" \/> <img loading=\"lazy\" decoding=\"async\" src=\"https:\/\/indehahn.de\/wp-content\/uploads\/2021\/08\/Saisoneroeffnung010.jpg\" alt=\"\" width=\"800\" height=\"531\" class=\"alignnone size-full wp-image-16759\" srcset=\"https:\/\/indehahn.de\/wp-content\/uploads\/2021\/08\/Saisoneroeffnung010.jpg 800w, https:\/\/indehahn.de\/wp-content\/uploads\/2021\/08\/Saisoneroeffnung010-300x199.jpg 300w, https:\/\/indehahn.de\/wp-content\/uploads\/2021\/08\/Saisoneroeffnung010-200x133.jpg 200w\" sizes=\"auto, (max-width: 800px) 100vw, 800px\" \/><\/p>\n<div class=\"shariff\" data-title=\"Jugendabteilung meldet sich mit Saisoner\u00f6ffnung zur\u00fcck\" data-info-url=\"http:\/\/ct.de\/-2467514\" data-backend-url=\"https:\/\/indehahn.de\/wp-content\/plugins\/shariff-sharing_UNUSED\/backend\/index.php\" data-temp=\"\/tmp\" data-ttl=\"60\" data-service=\"\" data-services='[\"facebook\",\"whatsapp\",\"mail\"]' data-image=\"https:\/\/indehahn.de\/wp-content\/uploads\/2021\/08\/Saisoneroeffnung002.jpg\" data-url=\"https:\/\/indehahn.de\/?p=16749\" data-lang=\"de\" data-theme=\"color\" data-orientation=\"horizontal\"><\/div>","protected":false},"excerpt":{"rendered":"<p>Emotionaler Abschied in den Trainerruhestand von Franz-Josef Hansen Bei besten \u00e4u\u00dferen Bedingungen konnte sich die Jugendabteilung des FC Inde Hahn in voller St\u00e4rke in der Fu\u00dfballwelt zur\u00fcckmelden. Trotz Corona-Pandemie und einer kurzen Vorbereitungszeit nach&#46;&#46;&#46;<\/p>\n","protected":false},"author":2,"featured_media":16750,"comment_status":"closed","ping_status":"closed","sticky":false,"template":"","format":"image","meta":{"ngg_post_thumbnail":0,"footnotes":""},"categories":[3],"tags":[],"class_list":["post-16749","post","type-post","status-publish","format-image","has-post-thumbnail","hentry","category-fussball-junioren","post_format-post-format-image"],"_links":{"self":[{"href":"https:\/\/indehahn.de\/index.php?rest_route=\/wp\/v2\/posts\/16749","targetHints":{"allow":["GET"]}}],"collection":[{"href":"https:\/\/indehahn.de\/index.php?rest_route=\/wp\/v2\/posts"}],"about":[{"href":"https:\/\/indehahn.de\/index.php?rest_route=\/wp\/v2\/types\/post"}],"author":[{"embeddable":true,"href":"https:\/\/indehahn.de\/index.php?rest_route=\/wp\/v2\/users\/2"}],"replies":[{"embeddable":true,"href":"https:\/\/indehahn.de\/index.php?rest_route=%2Fwp%2Fv2%2Fcomments&post=16749"}],"version-history":[{"count":3,"href":"https:\/\/indehahn.de\/index.php?rest_route=\/wp\/v2\/posts\/16749\/revisions"}],"predecessor-version":[{"id":16760,"href":"https:\/\/indehahn.de\/index.php?rest_route=\/wp\/v2\/posts\/16749\/revisions\/16760"}],"wp:featuredmedia":[{"embeddable":true,"href":"https:\/\/indehahn.de\/index.php?rest_route=\/wp\/v2\/media\/16750"}],"wp:attachment":[{"href":"https:\/\/indehahn.de\/index.php?rest_route=%2Fwp%2Fv2%2Fmedia&parent=16749"}],"wp:term":[{"taxonomy":"category","embeddable":true,"href":"https:\/\/indehahn.de\/index.php?rest_route=%2Fwp%2Fv2%2Fcategories&post=16749"},{"taxonomy":"post_tag","embeddable":true,"href":"https:\/\/indehahn.de\/index.php?rest_route=%2Fwp%2Fv2%2Ftags&post=16749"}],"curies":[{"name":"wp","href":"https:\/\/api.w.org\/{rel}","templated":true}]}}