{"id":16784,"date":"2021-09-16T16:39:56","date_gmt":"2021-09-16T14:39:56","guid":{"rendered":"https:\/\/indehahn.de\/?p=16784"},"modified":"2021-09-16T16:39:56","modified_gmt":"2021-09-16T14:39:56","slug":"bei-der-zweiten-laeuft-vieles-nicht-rund","status":"publish","type":"post","link":"https:\/\/indehahn.de\/?p=16784","title":{"rendered":"Bei der Zweiten l\u00e4uft vieles nicht rund"},"content":{"rendered":"<p>Verkorkster Saisonstart und keine Besserung in Sicht &#8211; so, wie sich unsere 2. Mannschaft momentan pr\u00e4sentiert, wird es wohl eine sehr schwere Saison werden. Viele Verletzte, Spieler weit unter Form und vieles ist wichtiger als mit der Mannschaft sonntags zu spielen &#8211; dieses Problem scheint aber nicht nur unsere Truppe zu haben. Es ist jedenfalls immer wieder \u00e4rgerlich, dass die im Training gezeigten guten Leistungen im Spiel nicht abgerufen werden k\u00f6nnen. Und immer wieder f\u00e4llt ins Auge, dass ein guter St\u00fcrmer an allen Ecken und Enden fehlt.<\/p>\n<p>Beim vorletzten Spiel beim SV Eilendorf startete unser Team sehr gut und h\u00e4tte eigentlich schnell mit 2:0 in F\u00fchrung gehen m\u00fcssen. Doch das misslang und was dann passierte ist kaum zu fassen: anstatt weiter Fu\u00dfball zu spielen wurde untereinander gemeckert und die Mannschaft fiel komplett auseinander. Wie man sich in Eilendorf pr\u00e4sentiert hat &#8211; als &#8222;Mannschaft&#8220; &#8211; war unterirdisch und ist auch nicht zu entschuldigen. Man kann nat\u00fcrlich verlieren, aber dann mit Anstand und sportlich fairem Verhalten seinen Mitspielern und dem Gegner gegen\u00fcber. Es war nach dieser Vorstellung kein Wunder, dass man mit 9:1 sang und klanglos unterging.<\/p>\n<p>Die laute Kabinenansprache danach hat wohl zu Ohrenschmerzen gef\u00fchrt, denn einige Spieler meldeten sich f\u00fcr die folgende Partie gegen Merkstein wegen Krankheit ab. Kurz vor Spielbeginn standen nur 9 Spieler zur Verf\u00fcgung, so dass noch telefonisch Hilfe herbeigerufen werden musste und sogar der Trainer seine Fu\u00dfballschuhe schn\u00fcren &#8222;durfte&#8220;. Immerhin konnte man um 11:00 Uhr mit 11 Spielern beginnen &#8211; da sich zwei Spieler der Ersten dankenswerterweise bereit erkl\u00e4rten, zur zweiten Spielh\u00e4lfte zu erscheinen, beschr\u00e4nkte sich der Einsatz des Trainers am Ende auf &#8222;nur&#8220; 25 Minuten. Auch in diesem Spiel begann unsere Mannschaft gut, machte aber mal wieder das Tor nicht und fing sich dann schnell zwei Gegentreffer. Individuelle Fehler machten es dem Gegner auch an diesem Tag zu einfach, Tore zu erzielen. Zu allem \u00dcberfluss zeigte der Schiedsrichter dem zur Pause eingewechselten Levin nach wenigen Minuten Spielzeit verdienterma\u00dfen die rote Karte. Trotz der 0:4-Heimpleite war dennoch eine Mannschaft auf dem Platz zu sehen, die sich gegenseitig motivierte und respektvoll miteinander umging &#8211; so muss es sein!<\/p>\n<p>Am kommenden Wochenende geht es nach Stra\u00df, also zu einem jungen und \u00fcberaus starken Team, das klarer Favorit auf den Aufstieg ist und nach vier Spielen mit 12 Punkten und 24:3 Toren Tabellenplatz 1 belegt. Da wird sich zeigen ob unsere Jungs Charakter zeigen, denn in solchen Spielen wird man &#8211; um die Worte von Olli Kahn zu w\u00e4hlen &#8211; Eier brauchen. Ansto\u00df in Stra\u00df ist am kommenden Sonntag um 15:00 Uhr.<\/p>\n<div class=\"shariff\" data-title=\"Bei der Zweiten l\u00e4uft vieles nicht rund\" data-info-url=\"http:\/\/ct.de\/-2467514\" data-backend-url=\"https:\/\/indehahn.de\/wp-content\/plugins\/shariff-sharing_UNUSED\/backend\/index.php\" data-temp=\"\/tmp\" data-ttl=\"60\" data-service=\"\" data-services='[\"facebook\",\"whatsapp\",\"mail\"]' data-image=\"\" data-url=\"https:\/\/indehahn.de\/?p=16784\" data-lang=\"de\" data-theme=\"color\" data-orientation=\"horizontal\"><\/div>","protected":false},"excerpt":{"rendered":"<p>Verkorkster Saisonstart und keine Besserung in Sicht &#8211; so, wie sich unsere 2. Mannschaft momentan pr\u00e4sentiert, wird es wohl eine sehr schwere Saison werden. Viele Verletzte, Spieler weit unter Form und vieles ist wichtiger&#46;&#46;&#46;<\/p>\n","protected":false},"author":2,"featured_media":16656,"comment_status":"closed","ping_status":"closed","sticky":false,"template":"","format":"image","meta":{"ngg_post_thumbnail":0,"footnotes":""},"categories":[12],"tags":[],"class_list":["post-16784","post","type-post","status-publish","format-image","has-post-thumbnail","hentry","category-2-mannschaft","post_format-post-format-image"],"_links":{"self":[{"href":"https:\/\/indehahn.de\/index.php?rest_route=\/wp\/v2\/posts\/16784","targetHints":{"allow":["GET"]}}],"collection":[{"href":"https:\/\/indehahn.de\/index.php?rest_route=\/wp\/v2\/posts"}],"about":[{"href":"https:\/\/indehahn.de\/index.php?rest_route=\/wp\/v2\/types\/post"}],"author":[{"embeddable":true,"href":"https:\/\/indehahn.de\/index.php?rest_route=\/wp\/v2\/users\/2"}],"replies":[{"embeddable":true,"href":"https:\/\/indehahn.de\/index.php?rest_route=%2Fwp%2Fv2%2Fcomments&post=16784"}],"version-history":[{"count":1,"href":"https:\/\/indehahn.de\/index.php?rest_route=\/wp\/v2\/posts\/16784\/revisions"}],"predecessor-version":[{"id":16785,"href":"https:\/\/indehahn.de\/index.php?rest_route=\/wp\/v2\/posts\/16784\/revisions\/16785"}],"wp:featuredmedia":[{"embeddable":true,"href":"https:\/\/indehahn.de\/index.php?rest_route=\/wp\/v2\/media\/16656"}],"wp:attachment":[{"href":"https:\/\/indehahn.de\/index.php?rest_route=%2Fwp%2Fv2%2Fmedia&parent=16784"}],"wp:term":[{"taxonomy":"category","embeddable":true,"href":"https:\/\/indehahn.de\/index.php?rest_route=%2Fwp%2Fv2%2Fcategories&post=16784"},{"taxonomy":"post_tag","embeddable":true,"href":"https:\/\/indehahn.de\/index.php?rest_route=%2Fwp%2Fv2%2Ftags&post=16784"}],"curies":[{"name":"wp","href":"https:\/\/api.w.org\/{rel}","templated":true}]}}