{"id":17645,"date":"2023-01-26T12:08:46","date_gmt":"2023-01-26T11:08:46","guid":{"rendered":"https:\/\/indehahn.de\/?p=17645"},"modified":"2023-01-26T12:08:46","modified_gmt":"2023-01-26T11:08:46","slug":"aachener-hallenstadtmeisterschaft-2023","status":"publish","type":"post","link":"https:\/\/indehahn.de\/?p=17645","title":{"rendered":"Aachener Hallenstadtmeisterschaft 2023"},"content":{"rendered":"<p>Am kommenden Wochenende geht&#8217;s an der Neuk\u00f6llner Stra\u00dfe in Aachen um die Aachener Hallenstadtmeisterschaft und nat\u00fcrlich ist auch unser Team wieder am Start. Gewonnen haben wir ihn noch nie, obwohl wir in der &#8222;guten alten Zeit&#8220; zwischen 2014 und 2016 dreimal in Folge im Endspiel gestanden haben. Aber der &#8222;Budenzauber&#8220; in der Halle ist immer ein Fu\u00dfball-Leckerbissen und nat\u00fcrlich wird unser Team es auch in diesem Jahr gegen starke Konkurrenz wieder versuchen.<\/p>\n<p>Immerhin hat der Aufstieg in die A-Liga dazu gef\u00fchrt, dass der FC Inde Hahn f\u00fcr die Vorrunde am Samstag als Gruppenkopf der Gruppe B gesetzt wurde und damit nicht auf h\u00f6herklassige Gegner trifft. Mit der SG Rothe Erde\/Nirm, den Sportfreunden H\u00f6rn und dem VfL 05 Aachen hat man aber keine leichten Gegner zugelost bekommen und man wei\u00df ja, dass der Hallenfu\u00dfball seine eigenen Gesetze und nicht immer der Klassenh\u00f6here am Ende die Nase vorne hat. Doch nat\u00fcrlich m\u00f6chte sich das Team von Trainer Marco Hammers als Gruppensieger f\u00fcr die am Sonntag stattfindende Endrunde qualifizieren, in der die besten Teilnehmer den Aachener Hallenstadtmeister 2023 ausspielen werden.<\/p>\n<p>Die drei Vorrundenspiele unserer Mannschaft finden am Samstag zwischen 12:20 Uhr und 14:00 Uhr statt &#8211; Austragungsort ist wie erw\u00e4hnt die Halle an der Neuk\u00f6llner Stra\u00dfe in Aachen. Sollte es tats\u00e4chlich f\u00fcr die Endrunde reichen, dann w\u00e4ren die Hahner am Sonntag gleich im ersten Spiel ab 11 Uhr im Einsatz und je nach Verlauf der weiteren Spiele kann das dann ein langer Fu\u00dfballtag werden.<\/p>\n<p>Wir hoffen, dass viele von euch unsere Jungs anfeuern werden, denn gute Stimmung geh\u00f6rt zum Hallenfu\u00dfball definitiv dazu.<\/p>\n<hr \/>\n<p><a href=\"http:\/\/djkfvhaaren.de\/wp-content\/uploads\/2022\/12\/20230128-DJK-FV-Hallenstadtmeisterschaft-Aachen.pdf\" rel=\"noopener\" target=\"_blank\">INFOS UND SPIELPLAN<\/a><\/p>\n<div class=\"shariff\" data-title=\"Aachener Hallenstadtmeisterschaft 2023\" data-info-url=\"http:\/\/ct.de\/-2467514\" data-backend-url=\"https:\/\/indehahn.de\/wp-content\/plugins\/shariff-sharing_UNUSED\/backend\/index.php\" data-temp=\"\/tmp\" data-ttl=\"60\" data-service=\"\" data-services='[\"facebook\",\"whatsapp\",\"mail\"]' data-image=\"\" data-url=\"https:\/\/indehahn.de\/?p=17645\" data-lang=\"de\" data-theme=\"color\" data-orientation=\"horizontal\"><\/div>","protected":false},"excerpt":{"rendered":"<p>Am kommenden Wochenende geht&#8217;s an der Neuk\u00f6llner Stra\u00dfe in Aachen um die Aachener Hallenstadtmeisterschaft und nat\u00fcrlich ist auch unser Team wieder am Start. Gewonnen haben wir ihn noch nie, obwohl wir in der &#8222;guten&#46;&#46;&#46;<\/p>\n","protected":false},"author":2,"featured_media":17316,"comment_status":"closed","ping_status":"closed","sticky":false,"template":"","format":"image","meta":{"ngg_post_thumbnail":0,"footnotes":""},"categories":[11],"tags":[],"class_list":["post-17645","post","type-post","status-publish","format-image","has-post-thumbnail","hentry","category-1-mannschaft","post_format-post-format-image"],"_links":{"self":[{"href":"https:\/\/indehahn.de\/index.php?rest_route=\/wp\/v2\/posts\/17645","targetHints":{"allow":["GET"]}}],"collection":[{"href":"https:\/\/indehahn.de\/index.php?rest_route=\/wp\/v2\/posts"}],"about":[{"href":"https:\/\/indehahn.de\/index.php?rest_route=\/wp\/v2\/types\/post"}],"author":[{"embeddable":true,"href":"https:\/\/indehahn.de\/index.php?rest_route=\/wp\/v2\/users\/2"}],"replies":[{"embeddable":true,"href":"https:\/\/indehahn.de\/index.php?rest_route=%2Fwp%2Fv2%2Fcomments&post=17645"}],"version-history":[{"count":1,"href":"https:\/\/indehahn.de\/index.php?rest_route=\/wp\/v2\/posts\/17645\/revisions"}],"predecessor-version":[{"id":17646,"href":"https:\/\/indehahn.de\/index.php?rest_route=\/wp\/v2\/posts\/17645\/revisions\/17646"}],"wp:featuredmedia":[{"embeddable":true,"href":"https:\/\/indehahn.de\/index.php?rest_route=\/wp\/v2\/media\/17316"}],"wp:attachment":[{"href":"https:\/\/indehahn.de\/index.php?rest_route=%2Fwp%2Fv2%2Fmedia&parent=17645"}],"wp:term":[{"taxonomy":"category","embeddable":true,"href":"https:\/\/indehahn.de\/index.php?rest_route=%2Fwp%2Fv2%2Fcategories&post=17645"},{"taxonomy":"post_tag","embeddable":true,"href":"https:\/\/indehahn.de\/index.php?rest_route=%2Fwp%2Fv2%2Ftags&post=17645"}],"curies":[{"name":"wp","href":"https:\/\/api.w.org\/{rel}","templated":true}]}}