{"id":17943,"date":"2023-07-09T21:21:27","date_gmt":"2023-07-09T19:21:27","guid":{"rendered":"https:\/\/indehahn.de\/?p=17943"},"modified":"2023-08-11T21:30:21","modified_gmt":"2023-08-11T19:30:21","slug":"drei-seniorenteams-fuer-den-fc-inde-hahn-am-start","status":"publish","type":"post","link":"https:\/\/indehahn.de\/?p=17943","title":{"rendered":"Drei Seniorenteams f\u00fcr den FC Inde Hahn am Start"},"content":{"rendered":"<p>Die neuen Staffeleinteilungen im Fu\u00dfballkreis Aachen sind vor einigen Tagen bekanntgegeben worden. Bei unserer Ersten \u00e4ndert sich nat\u00fcrich nix &#8211; Kreisliga A bleibt Kreisliga A. Die Zweite wird nach ihrem Aufstieg in der kommenden Saison in der Kreisliga C4 um Punkte und Tore k\u00e4mpfen &#8211; hier winken viele spannende Lokalduelle wie zum Beispiel gegen den FC Walheim oder SV Rott II oder VfR Venwegen.<\/p>\n<p><strong>NEU am Start ist unsere 3. Mannschaft<\/strong>, die nat\u00fcrlich ganz unten anfangen wird und das in der Kreisliga D3. Wer in diesem neuen Team gerne noch mitmachen m\u00f6chte (oder auch in einem der beiden anderen), der darf sich jederzeit bei uns melden, am besten bei den Verantwortlichen des Fu\u00dfballbereichs oder einfach per Mail an <a href=\"mailto:info@indehahn.de\">info@indehahn.de<\/a>.<\/p>\n<div class=\"shariff\" data-title=\"Drei Seniorenteams f\u00fcr den FC Inde Hahn am Start\" data-info-url=\"http:\/\/ct.de\/-2467514\" data-backend-url=\"https:\/\/indehahn.de\/wp-content\/plugins\/shariff-sharing_UNUSED\/backend\/index.php\" data-temp=\"\/tmp\" data-ttl=\"60\" data-service=\"\" data-services='[\"facebook\",\"whatsapp\",\"mail\"]' data-image=\"\" data-url=\"https:\/\/indehahn.de\/?p=17943\" data-lang=\"de\" data-theme=\"color\" data-orientation=\"horizontal\"><\/div>","protected":false},"excerpt":{"rendered":"<p>Die neuen Staffeleinteilungen im Fu\u00dfballkreis Aachen sind vor einigen Tagen bekanntgegeben worden. Bei unserer Ersten \u00e4ndert sich nat\u00fcrich nix &#8211; Kreisliga A bleibt Kreisliga A. Die Zweite wird nach ihrem Aufstieg in der kommenden&#46;&#46;&#46;<\/p>\n","protected":false},"author":2,"featured_media":17944,"comment_status":"closed","ping_status":"closed","sticky":false,"template":"","format":"image","meta":{"ngg_post_thumbnail":0,"footnotes":""},"categories":[11,12,27],"tags":[],"class_list":["post-17943","post","type-post","status-publish","format-image","has-post-thumbnail","hentry","category-1-mannschaft","category-2-mannschaft","category-3-mannschaft","post_format-post-format-image"],"_links":{"self":[{"href":"https:\/\/indehahn.de\/index.php?rest_route=\/wp\/v2\/posts\/17943","targetHints":{"allow":["GET"]}}],"collection":[{"href":"https:\/\/indehahn.de\/index.php?rest_route=\/wp\/v2\/posts"}],"about":[{"href":"https:\/\/indehahn.de\/index.php?rest_route=\/wp\/v2\/types\/post"}],"author":[{"embeddable":true,"href":"https:\/\/indehahn.de\/index.php?rest_route=\/wp\/v2\/users\/2"}],"replies":[{"embeddable":true,"href":"https:\/\/indehahn.de\/index.php?rest_route=%2Fwp%2Fv2%2Fcomments&post=17943"}],"version-history":[{"count":1,"href":"https:\/\/indehahn.de\/index.php?rest_route=\/wp\/v2\/posts\/17943\/revisions"}],"predecessor-version":[{"id":17945,"href":"https:\/\/indehahn.de\/index.php?rest_route=\/wp\/v2\/posts\/17943\/revisions\/17945"}],"wp:featuredmedia":[{"embeddable":true,"href":"https:\/\/indehahn.de\/index.php?rest_route=\/wp\/v2\/media\/17944"}],"wp:attachment":[{"href":"https:\/\/indehahn.de\/index.php?rest_route=%2Fwp%2Fv2%2Fmedia&parent=17943"}],"wp:term":[{"taxonomy":"category","embeddable":true,"href":"https:\/\/indehahn.de\/index.php?rest_route=%2Fwp%2Fv2%2Fcategories&post=17943"},{"taxonomy":"post_tag","embeddable":true,"href":"https:\/\/indehahn.de\/index.php?rest_route=%2Fwp%2Fv2%2Ftags&post=17943"}],"curies":[{"name":"wp","href":"https:\/\/api.w.org\/{rel}","templated":true}]}}