{"id":17966,"date":"2023-08-09T21:29:23","date_gmt":"2023-08-09T19:29:23","guid":{"rendered":"https:\/\/indehahn.de\/?p=17966"},"modified":"2023-08-09T21:29:23","modified_gmt":"2023-08-09T19:29:23","slug":"keine-weitere-amtszeit-unseres-vereinsvorsitzenden","status":"publish","type":"post","link":"https:\/\/indehahn.de\/?p=17966","title":{"rendered":"Keine weitere Amtszeit unseres Vereinsvorsitzenden"},"content":{"rendered":"<p>Am vergangenen Montag hat unser Vorsitzender Wilfried Helmer seinen Vorstandskollegen mitgeteilt, dass er aus pers\u00f6nlichen Gr\u00fcnden bei der kommenden Mitgliederversammlung nicht mehr f\u00fcr eine Wiederwahl zur Verf\u00fcgung stehen wird. Die Versammlung wird am 27. Oktober 2023 ab 20 Uhr im Hahner Vereinsheim stattfinden und nun gilt es, bis dahin die bestm\u00f6gliche L\u00f6sung im Sinne des Vereins zu finden. Schlie\u00dflich hinterl\u00e4sst Wilfried nach siebeneinhalb Jahren Amtszeit eine L\u00fccke, die erst einmal gef\u00fcllt werden muss. Wer an dieser L\u00f6sung mitarbeiten m\u00f6chte, gute Ideen einbringen m\u00f6chte oder sich sogar eine Mitarbeit im Vereinsvorstand vorstellen kann, der ist herzlich eingeladen, sich \u00fcber die bekannten Kontaktm\u00f6glichkeiten bei uns zu melden. Wir hoffen, den Mitgliedern am 27. Oktober wieder ein schlagkr\u00e4ftiges Vorstandsteam pr\u00e4sentieren zu k\u00f6nnen, auch um Wilfried einen geb\u00fchrenden Abschied mit positivem Ausblick bereiten zu k\u00f6nnen.<\/p>\n<div class=\"shariff\" data-title=\"Keine weitere Amtszeit unseres Vereinsvorsitzenden\" data-info-url=\"http:\/\/ct.de\/-2467514\" data-backend-url=\"https:\/\/indehahn.de\/wp-content\/plugins\/shariff-sharing_UNUSED\/backend\/index.php\" data-temp=\"\/tmp\" data-ttl=\"60\" data-service=\"\" data-services='[\"facebook\",\"whatsapp\",\"mail\"]' data-image=\"\" data-url=\"https:\/\/indehahn.de\/?p=17966\" data-lang=\"de\" data-theme=\"color\" data-orientation=\"horizontal\"><\/div>","protected":false},"excerpt":{"rendered":"<p>Am vergangenen Montag hat unser Vorsitzender Wilfried Helmer seinen Vorstandskollegen mitgeteilt, dass er aus pers\u00f6nlichen Gr\u00fcnden bei der kommenden Mitgliederversammlung nicht mehr f\u00fcr eine Wiederwahl zur Verf\u00fcgung stehen wird. Die Versammlung wird am 27.&#46;&#46;&#46;<\/p>\n","protected":false},"author":2,"featured_media":2682,"comment_status":"closed","ping_status":"closed","sticky":false,"template":"","format":"image","meta":{"ngg_post_thumbnail":0,"footnotes":""},"categories":[6,1],"tags":[],"class_list":["post-17966","post","type-post","status-publish","format-image","has-post-thumbnail","hentry","category-top-news","category-verein","post_format-post-format-image"],"_links":{"self":[{"href":"https:\/\/indehahn.de\/index.php?rest_route=\/wp\/v2\/posts\/17966","targetHints":{"allow":["GET"]}}],"collection":[{"href":"https:\/\/indehahn.de\/index.php?rest_route=\/wp\/v2\/posts"}],"about":[{"href":"https:\/\/indehahn.de\/index.php?rest_route=\/wp\/v2\/types\/post"}],"author":[{"embeddable":true,"href":"https:\/\/indehahn.de\/index.php?rest_route=\/wp\/v2\/users\/2"}],"replies":[{"embeddable":true,"href":"https:\/\/indehahn.de\/index.php?rest_route=%2Fwp%2Fv2%2Fcomments&post=17966"}],"version-history":[{"count":1,"href":"https:\/\/indehahn.de\/index.php?rest_route=\/wp\/v2\/posts\/17966\/revisions"}],"predecessor-version":[{"id":17967,"href":"https:\/\/indehahn.de\/index.php?rest_route=\/wp\/v2\/posts\/17966\/revisions\/17967"}],"wp:featuredmedia":[{"embeddable":true,"href":"https:\/\/indehahn.de\/index.php?rest_route=\/wp\/v2\/media\/2682"}],"wp:attachment":[{"href":"https:\/\/indehahn.de\/index.php?rest_route=%2Fwp%2Fv2%2Fmedia&parent=17966"}],"wp:term":[{"taxonomy":"category","embeddable":true,"href":"https:\/\/indehahn.de\/index.php?rest_route=%2Fwp%2Fv2%2Fcategories&post=17966"},{"taxonomy":"post_tag","embeddable":true,"href":"https:\/\/indehahn.de\/index.php?rest_route=%2Fwp%2Fv2%2Ftags&post=17966"}],"curies":[{"name":"wp","href":"https:\/\/api.w.org\/{rel}","templated":true}]}}