{"id":18037,"date":"2023-09-09T15:37:45","date_gmt":"2023-09-09T13:37:45","guid":{"rendered":"https:\/\/indehahn.de\/?p=18037"},"modified":"2023-09-09T15:37:45","modified_gmt":"2023-09-09T13:37:45","slug":"senioren-vor-dem-heissen-5-spieltag","status":"publish","type":"post","link":"https:\/\/indehahn.de\/?p=18037","title":{"rendered":"Senioren vor dem hei\u00dfen 5. Spieltag"},"content":{"rendered":"<p>Vier Spieltage der neuen Saison liegen bereits hinter unseren Seniorenteams &#8211; am morgigen Sonntag geht es nun in die f\u00fcnfte Runde und die verspricht drei hei\u00dfe Ausw\u00e4rtsduelle, nicht nur wegen den ungew\u00f6hnlich warmen Sp\u00e4tsommertemperaturen.<\/p>\n<p>Unsere <strong>1. Mannschaft<\/strong> hat die Saison mit zwei knappen Niederlagen in Burtscheid und Stolberg sowie einem auch in der H\u00f6he verdienten 5:0-Heimsieg gegen St. J\u00f6ris begonnen und in der vergangenen Woche beim 2:2 gegen Richterich durch einen Gegentreffer in letzter Sekunde den zweiten Saisonsieg nur denkbar knapp verpasst. Nach dem gro\u00dfen Umbruch im Sommer muss sich die Mannschaft nat\u00fcrlich erst einmal finden, aber man hat \u00fcber weite Strecken schon gesehen, dass das Team des neuen Trainers Marco Kra\u00df gen\u00fcgend Qualit\u00e4t besitzt, um am Ende das Ziel &#8222;einstelliger Tabellenplatz&#8220; zu erreichen. Wenn man in Stolberg nicht die ersten 20 Minuten gnadenlos verpennt h\u00e4tte, dann w\u00e4re auch hier sicher etwas Z\u00e4hlbares zu holen gewesen. Die morgige Aufgabe hat es allerdings in sich, denn ab 15:15 Uhr muss man beim Bezirksliga-Absteiger und aktuellen Tabellenzweiten FV Vaalserquartier antreten. Die Gastgeber w\u00fcrden sicher zu gerne den direkten Wiederaufstieg schaffen und in der vergangenen Woche haben sie beim 10:1 gegen TV Konzen II eindrucksvoll bewiesen, dass sie definitiv zum engsten Kreis der Favoriten geh\u00f6ren. Zu diesem Kreis geh\u00f6rt das Hahner Team sicher nicht, doch nat\u00fcrlich m\u00f6chte es zeigen, was es drauf hat und im besten Fall auch den einen oder anderen Punkt mitnehmen.<\/p>\n<p>Unsere <strong>2. Mannschaft<\/strong> hat nach dem Aufstieg in die C-Liga bereits unter Beweis gestellt, dass man als Aufsteiger nicht zwangsl\u00e4ufig zu den Abstiegskandidaten geh\u00f6ren muss. Zwar ging die Auftaktpartie beim SV Rott II mit 0:8 kr\u00e4ftig in die Hose, allerdings muss man dazu sagen, dass Rott wohl ziemlich sicher allen anderen Mannschaft in dieser Liga deutlich \u00fcberlegen ist und schon nach vier Spieltagen 32 Tore auf dem Habenkonto hat und als sicherer Aufsteiger gilt. Unsere Zweite konnte sich schon eine Woche sp\u00e4ter mit einem fast ebenso deutlichen 7:0-Heimsieg gegen den aktuellen Tabellenf\u00fcnften SV Breinig III rehabilitieren und am 3. Spieltag beim hoch gehandelten aktuellen Tabellendritten in Venwegen einen 2:1-Sieg einfahren. Leider konnte man die Siegesserie in der vergangenen Woche nicht fortsetzen, denn in einem kuriosen Spiel gegen Germania Eicherscheid reichte es am Ende nur zu einem 4:4-Unentschieden und damit aktuell zum 6. Tabellenplatz. Vielleicht kann man morgen beim Ausw\u00e4rtsspiel beim bisher noch punktlosen BSC Schevenh\u00fctte die Serie wieder aufnehmen &#8211; die Qualit\u00e4t in der Mannschaft sollte dazu auf jeden Fall ausreichen. Die Partie beginnt um 15 Uhr im Waldstadion in Schevenh\u00fctte.<\/p>\n<p>Ganz neu am Start ist unsere <strong>3. Mannschaft<\/strong>, die sich aus Erg\u00e4nzungsspielern der Zweiten, Spielern der letztj\u00e4hrigen A-Junioren und einigen Neuzug\u00e4ngen gebildet hat. Nat\u00fcrlich muss man diesem Team zu Beginn etwas Zeit geben &#8211; hier muss erst noch eine Einheit wachsen. Zur ersten Partie in Strauch konnte man leider wegen Spielermangel nicht antreten, doch schon eine Woche sp\u00e4ter reichte es immerhin f\u00fcr den ersten Punktgewinn gegen die Dritte des FC Roetgen. Die 3:4-Niederlage in Lammersdorf eine Woche sp\u00e4ter kann man in der Entstehung sicher als sehr ungl\u00fccklich bezeichnen &#8211; auch hier w\u00e4re ein Punktgewinn durchaus m\u00f6glich gewesen. In der vergangenen Woche war man beim 1:6 gegen die Sportfreunde Dorff zum ersten Mal g\u00e4nzlich chancenlos, doch solche Niederlagen m\u00fcssen gerade in dieser fr\u00fchen Phase einkalkuliert und abgearbeitet werden. M\u00f6glicherweise h\u00e4ngen die Trauben beim morgigen Ausw\u00e4rtsspiel beim SV Nordeifel II nicht ganz so hoch, denn auch die Eifeler haben bisher noch keinen Sieg einfahren k\u00f6nnen. Die Partie wird um 11 Uhr auf dem Sportplatz in Rollesbroich angepfiffen.<\/p>\n<p>Wir dr\u00fccken allen drei Teams die Daumen und hoffen, dass sie von ihren Ausw\u00e4rtsfahrten ein paar Punkte mit nach Hause bringen. Au\u00dferdem hoffen wir, dass auch unsere Fans das herrliche Wetter nutzen und unsere Jungs flei\u00dfig anfeuern werden.<\/p>\n<div class=\"shariff\" data-title=\"Senioren vor dem hei\u00dfen 5. Spieltag\" data-info-url=\"http:\/\/ct.de\/-2467514\" data-backend-url=\"https:\/\/indehahn.de\/wp-content\/plugins\/shariff-sharing_UNUSED\/backend\/index.php\" data-temp=\"\/tmp\" data-ttl=\"60\" data-service=\"\" data-services='[\"facebook\",\"whatsapp\",\"mail\"]' data-image=\"\" data-url=\"https:\/\/indehahn.de\/?p=18037\" data-lang=\"de\" data-theme=\"color\" data-orientation=\"horizontal\"><\/div>","protected":false},"excerpt":{"rendered":"<p>Vier Spieltage der neuen Saison liegen bereits hinter unseren Seniorenteams &#8211; am morgigen Sonntag geht es nun in die f\u00fcnfte Runde und die verspricht drei hei\u00dfe Ausw\u00e4rtsduelle, nicht nur wegen den ungew\u00f6hnlich warmen Sp\u00e4tsommertemperaturen.&#46;&#46;&#46;<\/p>\n","protected":false},"author":2,"featured_media":18038,"comment_status":"closed","ping_status":"closed","sticky":false,"template":"","format":"image","meta":{"ngg_post_thumbnail":0,"footnotes":""},"categories":[11,12,27],"tags":[],"class_list":["post-18037","post","type-post","status-publish","format-image","has-post-thumbnail","hentry","category-1-mannschaft","category-2-mannschaft","category-3-mannschaft","post_format-post-format-image"],"_links":{"self":[{"href":"https:\/\/indehahn.de\/index.php?rest_route=\/wp\/v2\/posts\/18037","targetHints":{"allow":["GET"]}}],"collection":[{"href":"https:\/\/indehahn.de\/index.php?rest_route=\/wp\/v2\/posts"}],"about":[{"href":"https:\/\/indehahn.de\/index.php?rest_route=\/wp\/v2\/types\/post"}],"author":[{"embeddable":true,"href":"https:\/\/indehahn.de\/index.php?rest_route=\/wp\/v2\/users\/2"}],"replies":[{"embeddable":true,"href":"https:\/\/indehahn.de\/index.php?rest_route=%2Fwp%2Fv2%2Fcomments&post=18037"}],"version-history":[{"count":2,"href":"https:\/\/indehahn.de\/index.php?rest_route=\/wp\/v2\/posts\/18037\/revisions"}],"predecessor-version":[{"id":18040,"href":"https:\/\/indehahn.de\/index.php?rest_route=\/wp\/v2\/posts\/18037\/revisions\/18040"}],"wp:featuredmedia":[{"embeddable":true,"href":"https:\/\/indehahn.de\/index.php?rest_route=\/wp\/v2\/media\/18038"}],"wp:attachment":[{"href":"https:\/\/indehahn.de\/index.php?rest_route=%2Fwp%2Fv2%2Fmedia&parent=18037"}],"wp:term":[{"taxonomy":"category","embeddable":true,"href":"https:\/\/indehahn.de\/index.php?rest_route=%2Fwp%2Fv2%2Fcategories&post=18037"},{"taxonomy":"post_tag","embeddable":true,"href":"https:\/\/indehahn.de\/index.php?rest_route=%2Fwp%2Fv2%2Ftags&post=18037"}],"curies":[{"name":"wp","href":"https:\/\/api.w.org\/{rel}","templated":true}]}}