{"id":18203,"date":"2023-12-13T18:00:58","date_gmt":"2023-12-13T17:00:58","guid":{"rendered":"https:\/\/indehahn.de\/?p=18203"},"modified":"2023-12-13T15:34:21","modified_gmt":"2023-12-13T14:34:21","slug":"unser-neuer-vorsitzender-karsten-kasperek-im-interview","status":"publish","type":"post","link":"https:\/\/indehahn.de\/?p=18203","title":{"rendered":"Unser neuer Vorsitzender Karsten Kasperek im Interview"},"content":{"rendered":"<p>Hallo Karsten,<\/p>\n<p>du bist nun seit fast sieben Wochen Vorsitzender unseres sch\u00f6nen Vereins und hast in dieser Zeit bereits zwei Vorstandssitzungen geleitet. Da du nicht neu im Vorstandskreis bist, war der Sprung ins Wasser sicher nicht allzu kalt und unter den anderen Ressortleitern sind ja einige sehr erfahrene Vorstandsmitglieder, die dich sicher nach Kr\u00e4ften unterst\u00fctzen.<\/p>\n<p>Aber fangen wir mal ganz vorne an, da dich vielleicht nicht jeder so gut kennt &#8211; kannst du dich unseren Lesern bitte kurz vorstellen und darstellen, was dich mit dem FC Inde Hahn verbindet!?<\/p>\n<p><em>Danke f\u00fcr die Gelegenheit, mich den Vereinsmitgliedern etwas n\u00e4her vorzustellen!<br \/>\nAls meine Familie und ich im Juni 2012 nach Hahn gezogen sind, kannten wir hier niemanden. Ein Jahr sp\u00e4ter sah das nat\u00fcrlich durch die Kita in Hahn, die Grundschule in Walheim und nat\u00fcrlich den FC Inde Hahn schon ganz anders aus. Zwei meiner Jungs haben hier im Verein gespielt, wobei der J\u00fcngste zurzeit in der B-Jugend kickt und unsere Tochter war bei den &#8222;Inde Panthers&#8220; beim Cheerleading. Der Verein hat uns als Familie das Dorf ge\u00f6ffnet und wir k\u00f6nnen mit Fug und Recht behaupten, dass wir auf diese Weise die Chance bekamen, in Hahn richtig anzukommen. Hauptberuflich bin ich mit 52 Jahren Ehemann und Vater, nebenberuflich f\u00fchre ich in Burtscheid mit meinem Freund und Partner eine Facharztpraxis.<\/em><\/p>\n<p>Woher kamen die Idee und die Motivation, das f\u00fchrende Amt in unserem Vereins zu \u00fcbernehmen?<\/p>\n<p><em>Ich bin daf\u00fcr bekannt, dass ich nicht kritisiere, wenn mir etwas missf\u00e4llt, sondern versuche, dann auch etwas zur L\u00f6sung beizutragen. So bin ich seinerzeit auch an den Job des Jugendleiters gekommen. Ich bin sehr gl\u00fccklich, mit genau diesem Vorstandsteam Dinge voranzubringen. Nach der Corona-Pandemie haben viele Vereine mit Nachwuchs- und Geldsorgen zu k\u00e4mpfen und ich m\u00f6chte gerne dazu beitragen, dass unser Verein sich gut f\u00fcr die Zukunft gewappnet sieht.<\/em><\/p>\n<p>Auf was legst du besonderen Wert und welche Ziele hast du dir f\u00fcr deine Amtszeit gesteckt?<\/p>\n<p><em>Ich interpretiere das Amt des Vorsitzenden eher so, dass ich versuche, auf allen Ebenen die Kommunikation voranzubringen. Leider sind wir alle im Ehrenamt keine Profis und das geht schon mal etwas unter &#8211; ohne b\u00f6sen Willen. Daher ist es meine prim\u00e4re Aufgabe, verletzte Eitelkeiten zu vermeiden und uns als Team voranzubringen. Ich lade jedes Mitglied ein, uns im Sinne des Vereins zu unterst\u00fctzen. Das Schlimmste f\u00fcr mich w\u00e4re, wenn man uns nur als &#8222;der Vorstand&#8220; titulieren w\u00fcrde und wir in einer unpers\u00f6nlichen Masse aufgehen w\u00fcrden.<br \/>\nMein prim\u00e4res Ziel ist es, die einzelnen Abteilungen untereinander mehr zu einen und den Vereinscharakter im Allgemeinen zu f\u00f6rdern, denn nur zusammen werden wir den FC Inde Hahn gestalten. Das &#8222;F&#8220; in FC steht f\u00fcr mich auch f\u00fcr Familie, Freunde und Freizeit.<\/em><\/p>\n<p>Hast du in den ersten Wochen deiner Amtszeit schon positive oder negative \u00dcberraschungen erlebt oder wusstest du vorab schon sehr genau, was auf dich zukommen w\u00fcrde?<\/p>\n<p><em>Ich wusste relativ genau, was auf mich zukommt, denn ich bereite mich auf alles vor, f\u00fchre viele Gespr\u00e4che und Wilfried Helmer hat mir da einen sehr guten \u00dcberblick gegeben.<br \/>\nPositiv ist eigentlich alles rund um den Verein, der Rassismus-Eklat mit SC Ditib Aachen hat mich allerdings doch sehr \u00fcberrascht und zwang mich da auch sofort zu handeln, was wir alle im Team sehr gut gemacht haben. Vergangenen Sonntag haben wir es zum Abschluss gebracht, indem Ralf H\u00fcpchen &#8211; Ressort Seniorenfu\u00dfball, Ellen Kindel \u2013 Ressort Verwaltung, Dirk Crott \u2013 Ressort Marketing und ich vor dem Heimspiel des SC Ditib Aachen zur dortigen Mannschaft gegangen sind.<br \/>\nHier haben wir als faire Sportleute unmissverst\u00e4ndlich unser Bedauern zum Ausdruck gebracht, haben uns im Namen des Vereins entschuldigt und haben als kleine Geste der Mannschaft einen neuen Spielball mitgebracht. Unser Auftreten dort wurde sehr wohlwollend aufgenommen, so dass wir auch auf ein unbelastetes R\u00fcckspiel hoffen d\u00fcrfen.<\/em><\/p>\n<p>In welcher unserer Abteilungen bist du selbst aktiv?<\/p>\n<p><em>Nachdem ich nicht mehr so h\u00e4ufig am Spielfeldrand als Vater stehe, habe ich f\u00fcr mich den Breitensport entdeckt, insbesondere die neu gegr\u00fcndete Wandergruppe begeistert mich. Wir haben schon tolle und anspruchsvolle Wanderungen hier in der Umgebung gemacht und das hat mich dazu bewogen, im September mal einen kleinen Teil von Schottland mit meiner Frau Annemarie zu erwandern. Als besten Tourguide hatten wir Hansi Mangartz, unseren Wandergruppenleiter und seine Frau Anke dabei und es war einfach herrlich. Ich freue mich auf die anstehende Weihnachtsfeier der Wandergruppe und auf viele weitere sch\u00f6ne Wanderungen, die Hansi f\u00fcr uns ausgucken wird.<\/em><\/p>\n<p>Welcher Moment in der sportlichen Chronik des FC Inde Hahn ist dir besonders im Ged\u00e4chtnis geblieben und warum?<\/p>\n<p><em>Ganz klar das Pokalspiel von unserem Verein als &#8222;Underdog&#8220; gegen die gro\u00dfe Alemannia, der darauffolgende Aufstieg 2016 in die Mittelrheinliga und der Gewinn des Funturniers des &#8222;FC Dorfst\u00fcbchen&#8220; 2022, bei dem ich ein Teil der Mannschaft bin. \ud83d\ude09<br \/>\nMittlerweile interessiere ich mich auch mehr f\u00fcr den Breitensport unseres Vereins &#8211; liegt wohl an meinem Alter \ud83d\ude09 &#8211; da freue ich mich schon jetzt auf den Jubil\u00e4ums-Kitzenhauslauf 2024.<\/em><\/p>\n<p>Was m\u00f6chtest du den Mitgliedern und Freunden des FC Inde Hahn ansonsten noch mit auf den Weg geben?<\/p>\n<p><em>Wir versuchen alle hier unserem Hobby Sport eine sch\u00f6ne Atmosph\u00e4re zu geben. Als Verein haben wir die gesellschaftliche Aufgabe, Kindern, Jugendlichen und Erwachsenen in der Gemeinschaft die M\u00f6glichkeit zu geben, Freude am Sport zu entwickeln. Ehrgeiz ist gut und kommt f\u00fcr jeden einzelnen von ganz alleine, aber man sollte auch den Spa\u00df trotz aller Wettbewerbe nicht vergessen. Nat\u00fcrlich geht es beim Laufen, Fu\u00dfball, Volleyball usw. um das Gewinnen, aber zum Beispiel die Donnerstags-Fitnessgruppe hat einen g\u00e4nzlich anderen Ansatz und stellt die Beweglichkeit, Fitness, Gesundheit und die Gemeinschaft in den Vordergrund. Das alles in Summe macht f\u00fcr mich den FC Inde Hahn aus.<br \/>\nAlle, die Verbesserungsvorschl\u00e4ge haben, sind jederzeit herzlich eingeladen mitzumachen und uns zu unterst\u00fctzen.<\/em><\/p>\n<p>Karsten, vielen Dank f\u00fcr deine Zeit, die du dir f\u00fcr unser kleines Interview genommen hast! Wir w\u00fcnschen dir und deiner Familie eine sch\u00f6ne Weihnachtszeit und einen guten Start in das n\u00e4chste Jahr.<\/p>\n<p><em>Sehr gerne und vielen Dank an das Team \u00d6ffentlichkeitsarbeit f\u00fcr die Zeit und den unerm\u00fcdlichen Einsatz f\u00fcr den Verein!<\/em><\/p>\n<div class=\"shariff\" data-title=\"Unser neuer Vorsitzender Karsten Kasperek im Interview\" data-info-url=\"http:\/\/ct.de\/-2467514\" data-backend-url=\"https:\/\/indehahn.de\/wp-content\/plugins\/shariff-sharing_UNUSED\/backend\/index.php\" data-temp=\"\/tmp\" data-ttl=\"60\" data-service=\"\" data-services='[\"facebook\",\"whatsapp\",\"mail\"]' data-image=\"\" data-url=\"https:\/\/indehahn.de\/?p=18203\" data-lang=\"de\" data-theme=\"color\" data-orientation=\"horizontal\"><\/div>","protected":false},"excerpt":{"rendered":"<p>Hallo Karsten, du bist nun seit fast sieben Wochen Vorsitzender unseres sch\u00f6nen Vereins und hast in dieser Zeit bereits zwei Vorstandssitzungen geleitet. Da du nicht neu im Vorstandskreis bist, war der Sprung ins Wasser&#46;&#46;&#46;<\/p>\n","protected":false},"author":2,"featured_media":18204,"comment_status":"closed","ping_status":"closed","sticky":false,"template":"","format":"image","meta":{"ngg_post_thumbnail":0,"footnotes":""},"categories":[6,1],"tags":[],"class_list":["post-18203","post","type-post","status-publish","format-image","has-post-thumbnail","hentry","category-top-news","category-verein","post_format-post-format-image"],"_links":{"self":[{"href":"https:\/\/indehahn.de\/index.php?rest_route=\/wp\/v2\/posts\/18203","targetHints":{"allow":["GET"]}}],"collection":[{"href":"https:\/\/indehahn.de\/index.php?rest_route=\/wp\/v2\/posts"}],"about":[{"href":"https:\/\/indehahn.de\/index.php?rest_route=\/wp\/v2\/types\/post"}],"author":[{"embeddable":true,"href":"https:\/\/indehahn.de\/index.php?rest_route=\/wp\/v2\/users\/2"}],"replies":[{"embeddable":true,"href":"https:\/\/indehahn.de\/index.php?rest_route=%2Fwp%2Fv2%2Fcomments&post=18203"}],"version-history":[{"count":7,"href":"https:\/\/indehahn.de\/index.php?rest_route=\/wp\/v2\/posts\/18203\/revisions"}],"predecessor-version":[{"id":18211,"href":"https:\/\/indehahn.de\/index.php?rest_route=\/wp\/v2\/posts\/18203\/revisions\/18211"}],"wp:featuredmedia":[{"embeddable":true,"href":"https:\/\/indehahn.de\/index.php?rest_route=\/wp\/v2\/media\/18204"}],"wp:attachment":[{"href":"https:\/\/indehahn.de\/index.php?rest_route=%2Fwp%2Fv2%2Fmedia&parent=18203"}],"wp:term":[{"taxonomy":"category","embeddable":true,"href":"https:\/\/indehahn.de\/index.php?rest_route=%2Fwp%2Fv2%2Fcategories&post=18203"},{"taxonomy":"post_tag","embeddable":true,"href":"https:\/\/indehahn.de\/index.php?rest_route=%2Fwp%2Fv2%2Ftags&post=18203"}],"curies":[{"name":"wp","href":"https:\/\/api.w.org\/{rel}","templated":true}]}}