{"id":18306,"date":"2024-01-10T21:32:39","date_gmt":"2024-01-10T20:32:39","guid":{"rendered":"https:\/\/indehahn.de\/?p=18306"},"modified":"2024-01-10T21:32:39","modified_gmt":"2024-01-10T20:32:39","slug":"aachener-hallenstadtmeisterschaft-am-wochenende","status":"publish","type":"post","link":"https:\/\/indehahn.de\/?p=18306","title":{"rendered":"Aachener Hallenstadtmeisterschaft am Wochenende"},"content":{"rendered":"<p>Am kommenden Samstag starten auch die Fu\u00dfballer unserer 1. Mannschaft mit dem ersten Highlight in das neue Jahr. Die Aachener Hallenstadtmeisterschaft bietet wieder Budenzauber vom Feinsten und nat\u00fcrlich m\u00f6chte sich unser Team gerne auch f\u00fcr die Hauptrunde qualifizieren, die am Sonntag ab 11 Uhr stattfinden wird. Doch daf\u00fcr muss man sich zun\u00e4chst einmal in der Vorrunden-Gruppe A gegen Rhenania Rothe Erde, Alemannia Aachen 2 und vor allem gegen Bezirksligist DJK FV Haaren durchsetzen. Favoriten auf den Gruppensieg sind sicherlich die Haarener, doch in der Halle ist vieles m\u00f6glich &#8211; das haben die Turniere in den vergangenen Jahren immer wieder gezeigt. Veranstalter der Stadtmeisterschaft ist in diesem Jahr der FV Vaalserquartier, der das Turnier wie \u00fcblich in der gro\u00dfen Halle an der Neuk\u00f6llner Stra\u00dfe ausrichten wird. Unsere Jungs werden das Ganze am Samstag er\u00f6ffnen, denn im allerersten Spiel des Tages treffen sie bereits um 10 Uhr auf Rothe Erde. Nach einer etwa einst\u00fcndigen Pause stehen dann ab 11:20 Uhr direkt aufeinanderfolgend die beiden anderen Partien gegen Haaren und die Zweite der Alemannia auf dem Spielplan. Wie immer freuen sich Spieler und Trainer \u00fcber starke Unterst\u00fctzung von der Trib\u00fcne &#8211; immerhin muss man in der Halle nicht frieren.  \ud83d\ude09<\/p>\n<div class=\"shariff\" data-title=\"Aachener Hallenstadtmeisterschaft am Wochenende\" data-info-url=\"http:\/\/ct.de\/-2467514\" data-backend-url=\"https:\/\/indehahn.de\/wp-content\/plugins\/shariff-sharing_UNUSED\/backend\/index.php\" data-temp=\"\/tmp\" data-ttl=\"60\" data-service=\"\" data-services='[\"facebook\",\"whatsapp\",\"mail\"]' data-image=\"\" data-url=\"https:\/\/indehahn.de\/?p=18306\" data-lang=\"de\" data-theme=\"color\" data-orientation=\"horizontal\"><\/div>","protected":false},"excerpt":{"rendered":"<p>Am kommenden Samstag starten auch die Fu\u00dfballer unserer 1. Mannschaft mit dem ersten Highlight in das neue Jahr. Die Aachener Hallenstadtmeisterschaft bietet wieder Budenzauber vom Feinsten und nat\u00fcrlich m\u00f6chte sich unser Team gerne auch&#46;&#46;&#46;<\/p>\n","protected":false},"author":2,"featured_media":18307,"comment_status":"closed","ping_status":"closed","sticky":false,"template":"","format":"image","meta":{"ngg_post_thumbnail":0,"footnotes":""},"categories":[11],"tags":[],"class_list":["post-18306","post","type-post","status-publish","format-image","has-post-thumbnail","hentry","category-1-mannschaft","post_format-post-format-image"],"_links":{"self":[{"href":"https:\/\/indehahn.de\/index.php?rest_route=\/wp\/v2\/posts\/18306","targetHints":{"allow":["GET"]}}],"collection":[{"href":"https:\/\/indehahn.de\/index.php?rest_route=\/wp\/v2\/posts"}],"about":[{"href":"https:\/\/indehahn.de\/index.php?rest_route=\/wp\/v2\/types\/post"}],"author":[{"embeddable":true,"href":"https:\/\/indehahn.de\/index.php?rest_route=\/wp\/v2\/users\/2"}],"replies":[{"embeddable":true,"href":"https:\/\/indehahn.de\/index.php?rest_route=%2Fwp%2Fv2%2Fcomments&post=18306"}],"version-history":[{"count":1,"href":"https:\/\/indehahn.de\/index.php?rest_route=\/wp\/v2\/posts\/18306\/revisions"}],"predecessor-version":[{"id":18308,"href":"https:\/\/indehahn.de\/index.php?rest_route=\/wp\/v2\/posts\/18306\/revisions\/18308"}],"wp:featuredmedia":[{"embeddable":true,"href":"https:\/\/indehahn.de\/index.php?rest_route=\/wp\/v2\/media\/18307"}],"wp:attachment":[{"href":"https:\/\/indehahn.de\/index.php?rest_route=%2Fwp%2Fv2%2Fmedia&parent=18306"}],"wp:term":[{"taxonomy":"category","embeddable":true,"href":"https:\/\/indehahn.de\/index.php?rest_route=%2Fwp%2Fv2%2Fcategories&post=18306"},{"taxonomy":"post_tag","embeddable":true,"href":"https:\/\/indehahn.de\/index.php?rest_route=%2Fwp%2Fv2%2Ftags&post=18306"}],"curies":[{"name":"wp","href":"https:\/\/api.w.org\/{rel}","templated":true}]}}