{"id":18576,"date":"2024-05-30T18:29:26","date_gmt":"2024-05-30T16:29:26","guid":{"rendered":"https:\/\/indehahn.de\/?p=18576"},"modified":"2024-06-02T14:30:14","modified_gmt":"2024-06-02T12:30:14","slug":"jetzt-anmelden-fuer-das-fussball-sommercamp-im-juli","status":"publish","type":"post","link":"https:\/\/indehahn.de\/?p=18576","title":{"rendered":"Jetzt anmelden f\u00fcr das Fu\u00dfball-Sommercamp im Juli"},"content":{"rendered":"<p>Vom 8. bis zum 12. Juli wird es wieder ein Fu\u00dfball-Sommercamp in Hahn geben. Teilnehmen k\u00f6nnen Kids im Alter von 3 bis 14 und die <a href=\"https:\/\/indehahn.de\/?page_id=12365\">Anmeldung<\/a> ist ab sofort m\u00f6glich. Alle n\u00f6tigen Infos findet ihr hier auf unserem Sommercamp-Plakat:<\/p>\n<p><a href=\"https:\/\/indehahn.de\/wp-content\/uploads\/2024\/05\/Sommercamp2024Flyer2.jpg\" data-rel=\"lightbox-image-0\" data-rl_title=\"\" data-rl_caption=\"\" title=\"\"><img loading=\"lazy\" decoding=\"async\" src=\"https:\/\/indehahn.de\/wp-content\/uploads\/2024\/05\/Sommercamp2024Flyer2.jpg\" alt=\"\" width=\"980\" height=\"1390\" class=\"alignnone size-full wp-image-18582\" srcset=\"https:\/\/indehahn.de\/wp-content\/uploads\/2024\/05\/Sommercamp2024Flyer2.jpg 980w, https:\/\/indehahn.de\/wp-content\/uploads\/2024\/05\/Sommercamp2024Flyer2-212x300.jpg 212w, https:\/\/indehahn.de\/wp-content\/uploads\/2024\/05\/Sommercamp2024Flyer2-722x1024.jpg 722w, https:\/\/indehahn.de\/wp-content\/uploads\/2024\/05\/Sommercamp2024Flyer2-106x150.jpg 106w\" sizes=\"auto, (max-width: 980px) 100vw, 980px\" \/><\/a><\/p>\n<div class=\"shariff\" data-title=\"Jetzt anmelden f\u00fcr das Fu\u00dfball-Sommercamp im Juli\" data-info-url=\"http:\/\/ct.de\/-2467514\" data-backend-url=\"https:\/\/indehahn.de\/wp-content\/plugins\/shariff-sharing_UNUSED\/backend\/index.php\" data-temp=\"\/tmp\" data-ttl=\"60\" data-service=\"\" data-services='[\"facebook\",\"whatsapp\",\"mail\"]' data-image=\"https:\/\/indehahn.de\/wp-content\/uploads\/2024\/05\/Sommercamp2024Flyer2.jpg\" data-url=\"https:\/\/indehahn.de\/?p=18576\" data-lang=\"de\" data-theme=\"color\" data-orientation=\"horizontal\"><\/div>","protected":false},"excerpt":{"rendered":"<p>Vom 8. bis zum 12. Juli wird es wieder ein Fu\u00dfball-Sommercamp in Hahn geben. Teilnehmen k\u00f6nnen Kids im Alter von 3 bis 14 und die Anmeldung ist ab sofort m\u00f6glich. Alle n\u00f6tigen Infos findet&#46;&#46;&#46;<\/p>\n","protected":false},"author":2,"featured_media":18577,"comment_status":"closed","ping_status":"closed","sticky":false,"template":"","format":"standard","meta":{"ngg_post_thumbnail":0,"footnotes":""},"categories":[3],"tags":[],"class_list":["post-18576","post","type-post","status-publish","format-standard","has-post-thumbnail","hentry","category-fussball-junioren"],"_links":{"self":[{"href":"https:\/\/indehahn.de\/index.php?rest_route=\/wp\/v2\/posts\/18576","targetHints":{"allow":["GET"]}}],"collection":[{"href":"https:\/\/indehahn.de\/index.php?rest_route=\/wp\/v2\/posts"}],"about":[{"href":"https:\/\/indehahn.de\/index.php?rest_route=\/wp\/v2\/types\/post"}],"author":[{"embeddable":true,"href":"https:\/\/indehahn.de\/index.php?rest_route=\/wp\/v2\/users\/2"}],"replies":[{"embeddable":true,"href":"https:\/\/indehahn.de\/index.php?rest_route=%2Fwp%2Fv2%2Fcomments&post=18576"}],"version-history":[{"count":5,"href":"https:\/\/indehahn.de\/index.php?rest_route=\/wp\/v2\/posts\/18576\/revisions"}],"predecessor-version":[{"id":18583,"href":"https:\/\/indehahn.de\/index.php?rest_route=\/wp\/v2\/posts\/18576\/revisions\/18583"}],"wp:featuredmedia":[{"embeddable":true,"href":"https:\/\/indehahn.de\/index.php?rest_route=\/wp\/v2\/media\/18577"}],"wp:attachment":[{"href":"https:\/\/indehahn.de\/index.php?rest_route=%2Fwp%2Fv2%2Fmedia&parent=18576"}],"wp:term":[{"taxonomy":"category","embeddable":true,"href":"https:\/\/indehahn.de\/index.php?rest_route=%2Fwp%2Fv2%2Fcategories&post=18576"},{"taxonomy":"post_tag","embeddable":true,"href":"https:\/\/indehahn.de\/index.php?rest_route=%2Fwp%2Fv2%2Ftags&post=18576"}],"curies":[{"name":"wp","href":"https:\/\/api.w.org\/{rel}","templated":true}]}}