{"id":1961,"date":"2013-11-22T17:21:33","date_gmt":"2013-11-22T16:21:33","guid":{"rendered":"http:\/\/inde-hahn.de\/?p=1961"},"modified":"2015-05-16T00:29:54","modified_gmt":"2015-05-15T22:29:54","slug":"spannendes-pokalduell-am-kitzenhausweg","status":"publish","type":"post","link":"https:\/\/indehahn.de\/?p=1961","title":{"rendered":"Spannendes POKALDUELL am Kitzenhausweg"},"content":{"rendered":"<p>Zum FVM-Pokal-Achtelfinale begr\u00fc\u00dft der FC Inde Hahn am morgigen Samstag um 14 Uhr eine Mannschaft aus dem Rhein-Erft-Kreis, den FC H\u00fcrth, am Kitzenhausweg. Die vom ehemaligen Alemannia-Jugendcoach Oliver Heitmann trainierte Elf belegt in der Landesliga Gruppe 1 derzeit einen ambitionierten 3. Platz. Vor zwei Spielzeiten noch Dritter in der Endabrechnung der Mittelrheinliga stieg man in der Folgesaison zur \u00dcberraschung aller in die Landesliga ab. Derzeit ist man im Begriff diesen &#8222;Unfall&#8220; schon im ersten Jahr zu korrigieren. Trainer Oliver Heinrichs: &#8222;Nach dem Pokalhit gegen die Alemannia sind wir in der Liga etwas gestrauchelt. Auch das geh\u00f6rt zu einem Entwicklungsprozess wie auch nach vermeintlichen Highlights erneut an diese Form anzukn\u00fcpfen und die geistige Frische, die das verlangt, mitzubringen. Alles ist mittlerweile aufgearbeitet, nun sind wir wieder in der Spur und freuen uns auf das n\u00e4chste Highlight. H\u00fcrth ist eine mit tollen Einzelspielern gespickte Truppe und verf\u00fcgt mit Oliver Heitmann an der Linie auch hier \u00fcber absolute Top-Qualit\u00e4t. Da bedarf es unsererseits schon einer au\u00dfergew\u00f6hnlichen Leistung, um diesem Team Paroli zu bieten. Wenn wir die abrufen k\u00f6nnen, dann haben wir die Chance, ins Viertelfinale einzuziehen.&#8220;<br \/>\nWird der Hahner Pokaltraum auch im Fr\u00fchjahr 2014 weitergehen oder ist im Achtelfinale Endstation? Wir werden es am Samstag vor hoffentlich wieder gro\u00dfer Kulisse erleben.<\/p>\n<div class=\"shariff\" data-title=\"Spannendes POKALDUELL am Kitzenhausweg\" data-info-url=\"http:\/\/ct.de\/-2467514\" data-backend-url=\"https:\/\/indehahn.de\/wp-content\/plugins\/shariff-sharing_UNUSED\/backend\/index.php\" data-temp=\"\/tmp\" data-ttl=\"60\" data-service=\"\" data-services='[\"facebook\",\"whatsapp\",\"mail\"]' data-image=\"\" data-url=\"https:\/\/indehahn.de\/?p=1961\" data-lang=\"de\" data-theme=\"color\" data-orientation=\"horizontal\"><\/div>","protected":false},"excerpt":{"rendered":"<p>Zum FVM-Pokal-Achtelfinale begr\u00fc\u00dft der FC Inde Hahn am morgigen Samstag um 14 Uhr eine Mannschaft aus dem Rhein-Erft-Kreis, den FC H\u00fcrth, am Kitzenhausweg. Die vom ehemaligen Alemannia-Jugendcoach Oliver Heitmann trainierte Elf belegt in der&#46;&#46;&#46;<\/p>\n","protected":false},"author":2,"featured_media":0,"comment_status":"closed","ping_status":"closed","sticky":false,"template":"","format":"standard","meta":{"ngg_post_thumbnail":0,"footnotes":""},"categories":[11],"tags":[],"class_list":["post-1961","post","type-post","status-publish","format-standard","hentry","category-1-mannschaft"],"_links":{"self":[{"href":"https:\/\/indehahn.de\/index.php?rest_route=\/wp\/v2\/posts\/1961","targetHints":{"allow":["GET"]}}],"collection":[{"href":"https:\/\/indehahn.de\/index.php?rest_route=\/wp\/v2\/posts"}],"about":[{"href":"https:\/\/indehahn.de\/index.php?rest_route=\/wp\/v2\/types\/post"}],"author":[{"embeddable":true,"href":"https:\/\/indehahn.de\/index.php?rest_route=\/wp\/v2\/users\/2"}],"replies":[{"embeddable":true,"href":"https:\/\/indehahn.de\/index.php?rest_route=%2Fwp%2Fv2%2Fcomments&post=1961"}],"version-history":[{"count":1,"href":"https:\/\/indehahn.de\/index.php?rest_route=\/wp\/v2\/posts\/1961\/revisions"}],"predecessor-version":[{"id":1962,"href":"https:\/\/indehahn.de\/index.php?rest_route=\/wp\/v2\/posts\/1961\/revisions\/1962"}],"wp:attachment":[{"href":"https:\/\/indehahn.de\/index.php?rest_route=%2Fwp%2Fv2%2Fmedia&parent=1961"}],"wp:term":[{"taxonomy":"category","embeddable":true,"href":"https:\/\/indehahn.de\/index.php?rest_route=%2Fwp%2Fv2%2Fcategories&post=1961"},{"taxonomy":"post_tag","embeddable":true,"href":"https:\/\/indehahn.de\/index.php?rest_route=%2Fwp%2Fv2%2Ftags&post=1961"}],"curies":[{"name":"wp","href":"https:\/\/api.w.org\/{rel}","templated":true}]}}