{"id":19636,"date":"2026-08-31T21:49:48","date_gmt":"2026-08-31T19:49:48","guid":{"rendered":"https:\/\/indehahn.de\/?p=19636"},"modified":"2026-08-31T21:49:48","modified_gmt":"2026-08-31T19:49:48","slug":"erste-startet-mit-last-minute-niederlage-in-die-neue-saison","status":"publish","type":"post","link":"https:\/\/indehahn.de\/?p=19636","title":{"rendered":"Erste startet mit Last-Minute-Niederlage in die neue Saison"},"content":{"rendered":"<p>W\u00e4hrend das erste Saisonspiel unserer 2. Mannschaft kurzfristig abgesagt wurde, ist unsere 1. Mannschaft am gestrigen Sonntag in die neue Saison gestartet. Leider mussten die Hahner gegen die SG Monschauer Land eine sp\u00e4te 3:4-Niederlage hinnehmen.<\/p>\n<p>Zu Beginn der Partie hatte unser Team durch Kenan Yenice eine gute Gelegenheit zum 1:0, doch leider wurde diese liegen gelassen. Danach geriet man durch einen individuellen Fehler mit 0:1 ins Hintertreffen und nur wenig sp\u00e4ter sorgten die G\u00e4ste mit einer guten Eckballvariante f\u00fcr das fr\u00fche 0:2. Das Spiel verflachte anschlie\u00dfend zusehends und Hahn kam einfach nicht richtig in Schwung. Mit dem 0:2 ging es dann auch in die Halbzeitpause.<\/p>\n<p>Mit drei neuen Spielern und neuem Elan startete Hahn in den zweiten Spielabschnitt und nach einem guten Spielzug verk\u00fcrzte Lukas Gier auf 1:2. Doch die Monschauer stellten schnell nach einem langen Einwurf und einem sehenswerten Fallr\u00fcckzieher den Zweitoreabstand wieder her. Per Elfmeter nach Foul an Lukas Gier erzielte Christian Brockauf den erneuten Anschlusstreffer. Die Hahner Elf war nun besser im Spiel und kam kurz vor dem Spielende nach einem weiteren sch\u00f6n gespielten Angriff sogar zum 3:3-Ausgleich durch Michael Paffen. Doch leider war das noch nicht der letzte Treffer der Partie, denn nach einem Stellungsfehler in der Hahner Hintermannschaft machte der Monschauer Kevin David seinen vierten Treffer an diesem Tag und sorgte damit in der Nachspielzeit f\u00fcr den 3:4-Endstand.<\/p>\n<p>Am Ende haben sich die Jungs f\u00fcr ihre Energieleistung leider nicht mit einem Punkt belohnt. Hoffen wir, dass es am kommenden Sonntag beim Derby in Lichtenbusch besser laufen wird &#8211; die Partie wird um 15:30 Uhr angesto\u00dfen.<\/p>\n<hr \/>\n<p><a href=\"https:\/\/indehahn.de\/wp-content\/uploads\/2026\/08\/ErsteGegenMonschauAug2026-3.jpg\" data-rel=\"lightbox-image-0\" data-rl_title=\"\" data-rl_caption=\"\" title=\"\"><img loading=\"lazy\" decoding=\"async\" src=\"https:\/\/indehahn.de\/wp-content\/uploads\/2026\/08\/ErsteGegenMonschauAug2026-3.jpg\" alt=\"\" width=\"1280\" height=\"702\" class=\"alignnone size-full wp-image-19638\" srcset=\"https:\/\/indehahn.de\/wp-content\/uploads\/2026\/08\/ErsteGegenMonschauAug2026-3.jpg 1280w, https:\/\/indehahn.de\/wp-content\/uploads\/2026\/08\/ErsteGegenMonschauAug2026-3-300x165.jpg 300w, https:\/\/indehahn.de\/wp-content\/uploads\/2026\/08\/ErsteGegenMonschauAug2026-3-1024x562.jpg 1024w, https:\/\/indehahn.de\/wp-content\/uploads\/2026\/08\/ErsteGegenMonschauAug2026-3-200x110.jpg 200w\" sizes=\"auto, (max-width: 1280px) 100vw, 1280px\" \/><\/a> <a href=\"https:\/\/indehahn.de\/wp-content\/uploads\/2026\/08\/ErsteGegenMonschauAug2026-2.jpg\" data-rel=\"lightbox-image-1\" data-rl_title=\"\" data-rl_caption=\"\" title=\"\"><img loading=\"lazy\" decoding=\"async\" src=\"https:\/\/indehahn.de\/wp-content\/uploads\/2026\/08\/ErsteGegenMonschauAug2026-2.jpg\" alt=\"\" width=\"600\" height=\"350\" class=\"alignnone size-full wp-image-19639\" srcset=\"https:\/\/indehahn.de\/wp-content\/uploads\/2026\/08\/ErsteGegenMonschauAug2026-2.jpg 600w, https:\/\/indehahn.de\/wp-content\/uploads\/2026\/08\/ErsteGegenMonschauAug2026-2-300x175.jpg 300w, https:\/\/indehahn.de\/wp-content\/uploads\/2026\/08\/ErsteGegenMonschauAug2026-2-200x117.jpg 200w\" sizes=\"auto, (max-width: 600px) 100vw, 600px\" \/><\/a><\/p>\n<div class=\"shariff\" data-title=\"Erste startet mit Last-Minute-Niederlage in die neue Saison\" data-info-url=\"http:\/\/ct.de\/-2467514\" data-backend-url=\"https:\/\/indehahn.de\/wp-content\/plugins\/shariff-sharing_UNUSED\/backend\/index.php\" data-temp=\"\/tmp\" data-ttl=\"60\" data-service=\"\" data-services='[\"facebook\",\"whatsapp\",\"mail\"]' data-image=\"https:\/\/indehahn.de\/wp-content\/uploads\/2026\/08\/ErsteGegenMonschauAug2026-3.jpg\" data-url=\"https:\/\/indehahn.de\/?p=19636\" data-lang=\"de\" data-theme=\"color\" data-orientation=\"horizontal\"><\/div>","protected":false},"excerpt":{"rendered":"<p>W\u00e4hrend das erste Saisonspiel unserer 2. Mannschaft kurzfristig abgesagt wurde, ist unsere 1. Mannschaft am gestrigen Sonntag in die neue Saison gestartet. Leider mussten die Hahner gegen die SG Monschauer Land eine sp\u00e4te 3:4-Niederlage&#46;&#46;&#46;<\/p>\n","protected":false},"author":2,"featured_media":19637,"comment_status":"closed","ping_status":"closed","sticky":false,"template":"","format":"image","meta":{"ngg_post_thumbnail":0,"footnotes":""},"categories":[11],"tags":[],"class_list":["post-19636","post","type-post","status-publish","format-image","has-post-thumbnail","hentry","category-1-mannschaft","post_format-post-format-image"],"_links":{"self":[{"href":"https:\/\/indehahn.de\/index.php?rest_route=\/wp\/v2\/posts\/19636","targetHints":{"allow":["GET"]}}],"collection":[{"href":"https:\/\/indehahn.de\/index.php?rest_route=\/wp\/v2\/posts"}],"about":[{"href":"https:\/\/indehahn.de\/index.php?rest_route=\/wp\/v2\/types\/post"}],"author":[{"embeddable":true,"href":"https:\/\/indehahn.de\/index.php?rest_route=\/wp\/v2\/users\/2"}],"replies":[{"embeddable":true,"href":"https:\/\/indehahn.de\/index.php?rest_route=%2Fwp%2Fv2%2Fcomments&post=19636"}],"version-history":[{"count":1,"href":"https:\/\/indehahn.de\/index.php?rest_route=\/wp\/v2\/posts\/19636\/revisions"}],"predecessor-version":[{"id":19640,"href":"https:\/\/indehahn.de\/index.php?rest_route=\/wp\/v2\/posts\/19636\/revisions\/19640"}],"wp:featuredmedia":[{"embeddable":true,"href":"https:\/\/indehahn.de\/index.php?rest_route=\/wp\/v2\/media\/19637"}],"wp:attachment":[{"href":"https:\/\/indehahn.de\/index.php?rest_route=%2Fwp%2Fv2%2Fmedia&parent=19636"}],"wp:term":[{"taxonomy":"category","embeddable":true,"href":"https:\/\/indehahn.de\/index.php?rest_route=%2Fwp%2Fv2%2Fcategories&post=19636"},{"taxonomy":"post_tag","embeddable":true,"href":"https:\/\/indehahn.de\/index.php?rest_route=%2Fwp%2Fv2%2Ftags&post=19636"}],"curies":[{"name":"wp","href":"https:\/\/api.w.org\/{rel}","templated":true}]}}