{"id":2045,"date":"2013-09-17T01:00:51","date_gmt":"2013-09-16T23:00:51","guid":{"rendered":"http:\/\/inde-hahn.de\/?p=2045"},"modified":"2015-05-16T00:29:56","modified_gmt":"2015-05-15T22:29:56","slug":"neu-gebildete-d2-juniorenmannschaft-startet-in-die-saison","status":"publish","type":"post","link":"https:\/\/indehahn.de\/?p=2045","title":{"rendered":"Neu gebildete D2-Juniorenmannschaft startet in die Saison"},"content":{"rendered":"<p>In der Absicht, m\u00f6glichst vielen unserer jungen Fu\u00dfballer die M\u00f6glichkeit zu geben, regelm\u00e4\u00dfig am Spielbetrieb teilzunehmen, wurde zum Herbst 2013 eine zweite D-Jugendmannschaft gemeldet, die von Trainer J\u00fcrgen Senden und Betreuer Michael Rzehak betreut wird. Der Kader besteht derzeit aus 12 Spielern der Jahrg\u00e4nge 2001 (Gero, Vitus, Jona, Illias), 2002 (Jake, Simon, Tobi) und sogar 5 E -Jugendspielern des Jahrgangs 2003 (Johannes, Jim, Amin, Christian, Jaap).<br \/>\nIn den kommenden Wochen und Monaten wird es f\u00fcr Trainer und Mannschaft darum gehen, aus der zusammengew\u00fcrfelten Truppe eine harmonierende Mannschaft zu formen, die zudem noch in der Lage ist, guten Fu\u00dfball zu spielen. Dass das Potenzial daf\u00fcr vorhanden ist, konnte man schon in den ersten Testspielen sehen &#8211; zu beobachten war allerdings auch, woran es noch hapert. So kam kaum einmal richtiger Spielfluss auf, was weniger auf technische M\u00e4ngel, sondern viel mehr auf falsche Entscheidungen und Laufwege zur\u00fcckzuf\u00fchren war. Deshalb soll nun neben dem Grundlagentraining verst\u00e4rkt auch an der Entwicklung der Spielintelligenz gearbeitet werden. Welchen Tabellenplatz die Mannschaft in der beginnenden Saison dann belegen wird, ist letztendlich nebens\u00e4chlich. Viel wichtiger ist, dass die einzelnen Spieler und das ganze Team sich weiterentwickeln.<\/p>\n<div class=\"shariff\" data-title=\"Neu gebildete D2-Juniorenmannschaft startet in die Saison\" data-info-url=\"http:\/\/ct.de\/-2467514\" data-backend-url=\"https:\/\/indehahn.de\/wp-content\/plugins\/shariff-sharing_UNUSED\/backend\/index.php\" data-temp=\"\/tmp\" data-ttl=\"60\" data-service=\"\" data-services='[\"facebook\",\"whatsapp\",\"mail\"]' data-image=\"\" data-url=\"https:\/\/indehahn.de\/?p=2045\" data-lang=\"de\" data-theme=\"color\" data-orientation=\"horizontal\"><\/div>","protected":false},"excerpt":{"rendered":"<p>In der Absicht, m\u00f6glichst vielen unserer jungen Fu\u00dfballer die M\u00f6glichkeit zu geben, regelm\u00e4\u00dfig am Spielbetrieb teilzunehmen, wurde zum Herbst 2013 eine zweite D-Jugendmannschaft gemeldet, die von Trainer J\u00fcrgen Senden und Betreuer Michael Rzehak betreut&#46;&#46;&#46;<\/p>\n","protected":false},"author":2,"featured_media":0,"comment_status":"closed","ping_status":"closed","sticky":false,"template":"","format":"standard","meta":{"ngg_post_thumbnail":0,"footnotes":""},"categories":[3],"tags":[],"class_list":["post-2045","post","type-post","status-publish","format-standard","hentry","category-fussball-junioren"],"_links":{"self":[{"href":"https:\/\/indehahn.de\/index.php?rest_route=\/wp\/v2\/posts\/2045","targetHints":{"allow":["GET"]}}],"collection":[{"href":"https:\/\/indehahn.de\/index.php?rest_route=\/wp\/v2\/posts"}],"about":[{"href":"https:\/\/indehahn.de\/index.php?rest_route=\/wp\/v2\/types\/post"}],"author":[{"embeddable":true,"href":"https:\/\/indehahn.de\/index.php?rest_route=\/wp\/v2\/users\/2"}],"replies":[{"embeddable":true,"href":"https:\/\/indehahn.de\/index.php?rest_route=%2Fwp%2Fv2%2Fcomments&post=2045"}],"version-history":[{"count":1,"href":"https:\/\/indehahn.de\/index.php?rest_route=\/wp\/v2\/posts\/2045\/revisions"}],"predecessor-version":[{"id":2046,"href":"https:\/\/indehahn.de\/index.php?rest_route=\/wp\/v2\/posts\/2045\/revisions\/2046"}],"wp:attachment":[{"href":"https:\/\/indehahn.de\/index.php?rest_route=%2Fwp%2Fv2%2Fmedia&parent=2045"}],"wp:term":[{"taxonomy":"category","embeddable":true,"href":"https:\/\/indehahn.de\/index.php?rest_route=%2Fwp%2Fv2%2Fcategories&post=2045"},{"taxonomy":"post_tag","embeddable":true,"href":"https:\/\/indehahn.de\/index.php?rest_route=%2Fwp%2Fv2%2Ftags&post=2045"}],"curies":[{"name":"wp","href":"https:\/\/api.w.org\/{rel}","templated":true}]}}