{"id":2137,"date":"2008-08-14T13:24:05","date_gmt":"2008-08-14T11:24:05","guid":{"rendered":"http:\/\/inde-hahn.de\/?p=2137"},"modified":"2015-05-16T00:32:34","modified_gmt":"2015-05-15T22:32:34","slug":"zweite-bleibt-auch-im-zweiten-spiel-ohne-punkte","status":"publish","type":"post","link":"https:\/\/indehahn.de\/?p=2137","title":{"rendered":"ZWEITE bleibt auch im zweiten Spiel ohne Punkte"},"content":{"rendered":"<p>Unsere 2. Mannschaft empfing am Donnerstagabend die Mannschaft des TSV Kesternich, die zum erweiterten Favoritenkreis in der Kreisliga B4 geh\u00f6rt. Mit einer Niederlage musste man also rechnen, aber das 0:4 war am Ende dann doch etwas viel des Schlechten. Gegen einen an diesem Abend sicher nicht \u00fcberragenden Gegner lie\u00df man Laufbereitschaft und Zweikampfst\u00e4rke vermissen und zu allem \u00dcberfluss reihte sich auch noch ein Fehlpass an den n\u00e4chsten. So hatte es der Gegner leicht, in seinem ersten Saisonspiel gleich die ersten Punkte mitzunehmen.<br \/>\nNach zwei Spieltagen findet sich unser Team damit am Tabellenende wieder und sollte am kommenden Sonntag in einem weiteren Heimspiel gegen SV Breinig II etwas Z\u00e4hlbares holen, um nicht gleich den Anschluss an das Mittelfeld zu verlieren.<br \/>\nTrainer Udo Sieger: \u201cIch bin sehr entt\u00e4uscht. Wenn unser \u00e4ltester Spieler Manni Kohnen mit weit \u00fcber 40 Jahren der Aktivste ist, dann muss man sich schon seine Gedanken machen. Bedanken m\u00f6chte ich mich bei Tom Lenzen, der heute unseren verletzten Torh\u00fcter Jens Decker vertreten hat und bei allen Toren machtlos war.\u201d<\/p>\n<div class=\"shariff\" data-title=\"ZWEITE bleibt auch im zweiten Spiel ohne Punkte\" data-info-url=\"http:\/\/ct.de\/-2467514\" data-backend-url=\"https:\/\/indehahn.de\/wp-content\/plugins\/shariff-sharing_UNUSED\/backend\/index.php\" data-temp=\"\/tmp\" data-ttl=\"60\" data-service=\"\" data-services='[\"facebook\",\"whatsapp\",\"mail\"]' data-image=\"\" data-url=\"https:\/\/indehahn.de\/?p=2137\" data-lang=\"de\" data-theme=\"color\" data-orientation=\"horizontal\"><\/div>","protected":false},"excerpt":{"rendered":"<p>Unsere 2. Mannschaft empfing am Donnerstagabend die Mannschaft des TSV Kesternich, die zum erweiterten Favoritenkreis in der Kreisliga B4 geh\u00f6rt. Mit einer Niederlage musste man also rechnen, aber das 0:4 war am Ende dann&#46;&#46;&#46;<\/p>\n","protected":false},"author":2,"featured_media":0,"comment_status":"closed","ping_status":"closed","sticky":false,"template":"","format":"standard","meta":{"ngg_post_thumbnail":0,"footnotes":""},"categories":[12],"tags":[],"class_list":["post-2137","post","type-post","status-publish","format-standard","hentry","category-2-mannschaft"],"_links":{"self":[{"href":"https:\/\/indehahn.de\/index.php?rest_route=\/wp\/v2\/posts\/2137","targetHints":{"allow":["GET"]}}],"collection":[{"href":"https:\/\/indehahn.de\/index.php?rest_route=\/wp\/v2\/posts"}],"about":[{"href":"https:\/\/indehahn.de\/index.php?rest_route=\/wp\/v2\/types\/post"}],"author":[{"embeddable":true,"href":"https:\/\/indehahn.de\/index.php?rest_route=\/wp\/v2\/users\/2"}],"replies":[{"embeddable":true,"href":"https:\/\/indehahn.de\/index.php?rest_route=%2Fwp%2Fv2%2Fcomments&post=2137"}],"version-history":[{"count":1,"href":"https:\/\/indehahn.de\/index.php?rest_route=\/wp\/v2\/posts\/2137\/revisions"}],"predecessor-version":[{"id":2138,"href":"https:\/\/indehahn.de\/index.php?rest_route=\/wp\/v2\/posts\/2137\/revisions\/2138"}],"wp:attachment":[{"href":"https:\/\/indehahn.de\/index.php?rest_route=%2Fwp%2Fv2%2Fmedia&parent=2137"}],"wp:term":[{"taxonomy":"category","embeddable":true,"href":"https:\/\/indehahn.de\/index.php?rest_route=%2Fwp%2Fv2%2Fcategories&post=2137"},{"taxonomy":"post_tag","embeddable":true,"href":"https:\/\/indehahn.de\/index.php?rest_route=%2Fwp%2Fv2%2Ftags&post=2137"}],"curies":[{"name":"wp","href":"https:\/\/api.w.org\/{rel}","templated":true}]}}