{"id":2407,"date":"2008-04-06T22:33:26","date_gmt":"2008-04-06T20:33:26","guid":{"rendered":"http:\/\/inde-hahn.de\/?p=2407"},"modified":"2015-05-16T00:32:35","modified_gmt":"2015-05-15T22:32:35","slug":"zweite-holt-wichtige-auswaertspunkte-in-kornelimuenster","status":"publish","type":"post","link":"https:\/\/indehahn.de\/?p=2407","title":{"rendered":"ZWEITE holt wichtige Ausw\u00e4rtspunkte in Kornelim\u00fcnster"},"content":{"rendered":"<p>Mit leicht ver\u00e4nderter Aufstellung ging unsere 2. Mannschaft am heutigen Sonntag in das Ausw\u00e4rtsspiel beim Tabellennachbarn aus Kornelim\u00fcnster &#8211; im Hinblick auf die Qualifikation f\u00fcr die neue B-Liga eine immens wichtige Partie. Unsere Mannschaft bestimmte zwar \u00fcber weite Strecken das Spiel, tat sich aber oft schwer, weil Kornelim\u00fcnster sehr tief stand und immer wieder auf Konter lauerte. Doch die Hahner Abwehr war auf der Hut und lie\u00df keinen Gegentreffer zu. Auf der Gegenseite erzielte Ali Mareta in der 30. Minute den verdienten F\u00fchrungstreffer. Es dauerte aber dann bis zur 88. Minute, als Manni Kohnen mit dem 2:0 f\u00fcr die sp\u00e4te Entscheidung sorgte. Den Sieg, mit dem unser Team auf Tabellenrang 10 klettert, nahm Trainer Udo Sieger zufrieden zur Kenntnis, doch er blickte auch schon auf das Nachholspiel in der kommenden Woche: &#8222;Ich h\u00e4tte mir ein fr\u00fcheres 2:0 gew\u00fcnscht &#8211; dann w\u00e4re dieses Spiel sicher wesentlich einfacher geworden. Durch die Verst\u00e4rkungen aus der Ersten mussten Spieler der Zweiten heute zur\u00fcckstecken &#8211; ich denke aber, dass jeder bei der momentanen Tabellensituation Verst\u00e4ndnis f\u00fcr diese Ma\u00dfnahme hat. Jetzt m\u00fcssen wir uns gut auf das Nachholspiel in Venwegen am kommenden Donnerstag vorbereiten, denn auch dieses Lokalduell ist sehr wichtig und ich hoffe, dass wir dort erneut punkten k\u00f6nnen.&#8220;<\/p>\n<div class=\"shariff\" data-title=\"ZWEITE holt wichtige Ausw\u00e4rtspunkte in Kornelim\u00fcnster\" data-info-url=\"http:\/\/ct.de\/-2467514\" data-backend-url=\"https:\/\/indehahn.de\/wp-content\/plugins\/shariff-sharing_UNUSED\/backend\/index.php\" data-temp=\"\/tmp\" data-ttl=\"60\" data-service=\"\" data-services='[\"facebook\",\"whatsapp\",\"mail\"]' data-image=\"\" data-url=\"https:\/\/indehahn.de\/?p=2407\" data-lang=\"de\" data-theme=\"color\" data-orientation=\"horizontal\"><\/div>","protected":false},"excerpt":{"rendered":"<p>Mit leicht ver\u00e4nderter Aufstellung ging unsere 2. Mannschaft am heutigen Sonntag in das Ausw\u00e4rtsspiel beim Tabellennachbarn aus Kornelim\u00fcnster &#8211; im Hinblick auf die Qualifikation f\u00fcr die neue B-Liga eine immens wichtige Partie. Unsere Mannschaft&#46;&#46;&#46;<\/p>\n","protected":false},"author":2,"featured_media":0,"comment_status":"closed","ping_status":"closed","sticky":false,"template":"","format":"standard","meta":{"ngg_post_thumbnail":0,"footnotes":""},"categories":[12],"tags":[],"class_list":["post-2407","post","type-post","status-publish","format-standard","hentry","category-2-mannschaft"],"_links":{"self":[{"href":"https:\/\/indehahn.de\/index.php?rest_route=\/wp\/v2\/posts\/2407","targetHints":{"allow":["GET"]}}],"collection":[{"href":"https:\/\/indehahn.de\/index.php?rest_route=\/wp\/v2\/posts"}],"about":[{"href":"https:\/\/indehahn.de\/index.php?rest_route=\/wp\/v2\/types\/post"}],"author":[{"embeddable":true,"href":"https:\/\/indehahn.de\/index.php?rest_route=\/wp\/v2\/users\/2"}],"replies":[{"embeddable":true,"href":"https:\/\/indehahn.de\/index.php?rest_route=%2Fwp%2Fv2%2Fcomments&post=2407"}],"version-history":[{"count":1,"href":"https:\/\/indehahn.de\/index.php?rest_route=\/wp\/v2\/posts\/2407\/revisions"}],"predecessor-version":[{"id":2408,"href":"https:\/\/indehahn.de\/index.php?rest_route=\/wp\/v2\/posts\/2407\/revisions\/2408"}],"wp:attachment":[{"href":"https:\/\/indehahn.de\/index.php?rest_route=%2Fwp%2Fv2%2Fmedia&parent=2407"}],"wp:term":[{"taxonomy":"category","embeddable":true,"href":"https:\/\/indehahn.de\/index.php?rest_route=%2Fwp%2Fv2%2Fcategories&post=2407"},{"taxonomy":"post_tag","embeddable":true,"href":"https:\/\/indehahn.de\/index.php?rest_route=%2Fwp%2Fv2%2Ftags&post=2407"}],"curies":[{"name":"wp","href":"https:\/\/api.w.org\/{rel}","templated":true}]}}