{"id":2456,"date":"2006-10-29T02:25:49","date_gmt":"2006-10-29T01:25:49","guid":{"rendered":"http:\/\/inde-hahn.de\/?p=2456"},"modified":"2015-05-16T00:33:04","modified_gmt":"2015-05-15T22:33:04","slug":"ueberzeugender-sieg-der-zweiten-gegen-tus-muetzenich","status":"publish","type":"post","link":"https:\/\/indehahn.de\/?p=2456","title":{"rendered":"\u00dcberzeugender Sieg der ZWEITEN gegen TuS M\u00fctzenich"},"content":{"rendered":"<p>Eine unerwartet beeindruckende Leistung lieferte unsere 2. Mannschaft heute im Heimspiel gegen den Tabellennachbarn TuS M\u00fctzenich ab. Die G\u00e4ste aus der Eifel legten von Beginn an ein hohes Tempo vor und sicherten sich vor allem im Mittelfeld den Ballbesitz. Nach einer Viertelstunde kam unser Team aber besser ins Spiel und konnte seinerseits einige sehenswerte Angriffe vortragen, allerdings zun\u00e4chst ohne sich gute Einschussm\u00f6glichkeiten zu erspielen. Doch nach 30 Minuten traf Alfred Sambou doch zum 1:0 und kurz vor dem Seitenwechsel hatte Ali Mareta sogar noch eine gute M\u00f6glichkeit, das Ergebnis zu erh\u00f6hen. So ging es mit einer knappen F\u00fchrung in die Halbzeitpause.<br \/>\nWieder waren es die G\u00e4ste aus M\u00fctzenich, die zu Beginn des zweiten Durchgangs den Ton angaben. Allerdings vergaben sie dabei auch beste Torchancen. Die Entscheidung zu Gunsten unserer Mannschaft fiel durch einen Doppelschlag des eingewechselten Tim Kirch nach gut 70 Minuten. Durch den deutlichen 3:0-Sieg konnten die Hahner den Abstand zum Tabellenende deutlich vergr\u00f6\u00dfern.<br \/>\nTrainer Frank Stollmann: &#8222;Der Sieg war sicherlich unerwartet, aber aufgrund der besseren Chancenauswertung, insbesondere in der zweiten Halbzeit, in dieser H\u00f6he auch verdient. Aus einer guten Mannschaftsleistung m\u00f6chte ich mit Ralf H\u00fcpchen, Masum Korkut und dem jungen Tim Kirch drei Spieler besonders hervorheben.&#8220;<\/p>\n<div class=\"shariff\" data-title=\"\u00dcberzeugender Sieg der ZWEITEN gegen TuS M\u00fctzenich\" data-info-url=\"http:\/\/ct.de\/-2467514\" data-backend-url=\"https:\/\/indehahn.de\/wp-content\/plugins\/shariff-sharing_UNUSED\/backend\/index.php\" data-temp=\"\/tmp\" data-ttl=\"60\" data-service=\"\" data-services='[\"facebook\",\"whatsapp\",\"mail\"]' data-image=\"\" data-url=\"https:\/\/indehahn.de\/?p=2456\" data-lang=\"de\" data-theme=\"color\" data-orientation=\"horizontal\"><\/div>","protected":false},"excerpt":{"rendered":"<p>Eine unerwartet beeindruckende Leistung lieferte unsere 2. Mannschaft heute im Heimspiel gegen den Tabellennachbarn TuS M\u00fctzenich ab. Die G\u00e4ste aus der Eifel legten von Beginn an ein hohes Tempo vor und sicherten sich vor&#46;&#46;&#46;<\/p>\n","protected":false},"author":2,"featured_media":0,"comment_status":"closed","ping_status":"closed","sticky":false,"template":"","format":"standard","meta":{"ngg_post_thumbnail":0,"footnotes":""},"categories":[12],"tags":[],"class_list":["post-2456","post","type-post","status-publish","format-standard","hentry","category-2-mannschaft"],"_links":{"self":[{"href":"https:\/\/indehahn.de\/index.php?rest_route=\/wp\/v2\/posts\/2456","targetHints":{"allow":["GET"]}}],"collection":[{"href":"https:\/\/indehahn.de\/index.php?rest_route=\/wp\/v2\/posts"}],"about":[{"href":"https:\/\/indehahn.de\/index.php?rest_route=\/wp\/v2\/types\/post"}],"author":[{"embeddable":true,"href":"https:\/\/indehahn.de\/index.php?rest_route=\/wp\/v2\/users\/2"}],"replies":[{"embeddable":true,"href":"https:\/\/indehahn.de\/index.php?rest_route=%2Fwp%2Fv2%2Fcomments&post=2456"}],"version-history":[{"count":1,"href":"https:\/\/indehahn.de\/index.php?rest_route=\/wp\/v2\/posts\/2456\/revisions"}],"predecessor-version":[{"id":2457,"href":"https:\/\/indehahn.de\/index.php?rest_route=\/wp\/v2\/posts\/2456\/revisions\/2457"}],"wp:attachment":[{"href":"https:\/\/indehahn.de\/index.php?rest_route=%2Fwp%2Fv2%2Fmedia&parent=2456"}],"wp:term":[{"taxonomy":"category","embeddable":true,"href":"https:\/\/indehahn.de\/index.php?rest_route=%2Fwp%2Fv2%2Fcategories&post=2456"},{"taxonomy":"post_tag","embeddable":true,"href":"https:\/\/indehahn.de\/index.php?rest_route=%2Fwp%2Fv2%2Ftags&post=2456"}],"curies":[{"name":"wp","href":"https:\/\/api.w.org\/{rel}","templated":true}]}}