{"id":2504,"date":"2008-03-09T00:00:45","date_gmt":"2008-03-08T23:00:45","guid":{"rendered":"http:\/\/inde-hahn.de\/?p=2504"},"modified":"2015-05-16T00:32:36","modified_gmt":"2015-05-15T22:32:36","slug":"zweite-ueberrascht-mit-deutlichem-auswaertssieg","status":"publish","type":"post","link":"https:\/\/indehahn.de\/?p=2504","title":{"rendered":"ZWEITE \u00fcberrascht mit deutlichem Ausw\u00e4rtssieg"},"content":{"rendered":"<p>Nachdem unserer 2. Mannschaft durch den R\u00fcckzug der Dritten des SV Breinig drei Punkte aus der Hinrunde verloren gegangen waren, muss man sich nun verst\u00e4rkt auf Punktejagd machen, um die Qualifikation f\u00fcr die B-Liga in der kommenden Saison nicht zu gef\u00e4hrden. Heute gelang dies eindrucksvoll mit einem verdienten 3:0-Ausw\u00e4rtssieg gegen den SV Rott. Beim favorisierten Gastgeber \u00fcbernahm die Hahner Mannschaft von der ersten Minute an das Kommando und ging nach einer halben Stunde durch Paul Kaczmarski nach sch\u00f6ner Vorarbeit von Manni Kohnen mit 1:0 in F\u00fchrung. Mit dem Pausenpfiff erh\u00f6hte Dennis Wirtz mit einem direkt verwandelten Freisto\u00df auf 2:0, so dass unsere Mannschaft gut gelaunt in die Pause gehen konnte.<br \/>\nAuch nach dem Seitenwechsel lie\u00df man wenig anbrennen und Ben Franck machte in der 75. Spielminute mit einem sehenswerten Kopfball nach herrlicher Flanke von Masum Korkut den Sieg perfekt.<br \/>\nTrainer Udo Sieger: &#8222;Auch wenn einige Spieler heute weitaus st\u00e4rker als sonst gespielt haben, m\u00f6chte ich aus einer guten Mannschaftsleistung niemanden hervorheben. Besonders habe ich mich \u00fcber die vorbildliche Disziplin und Kameradschaft gefreut. Aufgrund des deutlichen Spielstands war ich erfreulicherweise in der Lage, alle 14 Spieler einzusetzen.&#8220;<\/p>\n<div class=\"shariff\" data-title=\"ZWEITE \u00fcberrascht mit deutlichem Ausw\u00e4rtssieg\" data-info-url=\"http:\/\/ct.de\/-2467514\" data-backend-url=\"https:\/\/indehahn.de\/wp-content\/plugins\/shariff-sharing_UNUSED\/backend\/index.php\" data-temp=\"\/tmp\" data-ttl=\"60\" data-service=\"\" data-services='[\"facebook\",\"whatsapp\",\"mail\"]' data-image=\"\" data-url=\"https:\/\/indehahn.de\/?p=2504\" data-lang=\"de\" data-theme=\"color\" data-orientation=\"horizontal\"><\/div>","protected":false},"excerpt":{"rendered":"<p>Nachdem unserer 2. Mannschaft durch den R\u00fcckzug der Dritten des SV Breinig drei Punkte aus der Hinrunde verloren gegangen waren, muss man sich nun verst\u00e4rkt auf Punktejagd machen, um die Qualifikation f\u00fcr die B-Liga&#46;&#46;&#46;<\/p>\n","protected":false},"author":2,"featured_media":0,"comment_status":"closed","ping_status":"closed","sticky":false,"template":"","format":"standard","meta":{"ngg_post_thumbnail":0,"footnotes":""},"categories":[12],"tags":[],"class_list":["post-2504","post","type-post","status-publish","format-standard","hentry","category-2-mannschaft"],"_links":{"self":[{"href":"https:\/\/indehahn.de\/index.php?rest_route=\/wp\/v2\/posts\/2504","targetHints":{"allow":["GET"]}}],"collection":[{"href":"https:\/\/indehahn.de\/index.php?rest_route=\/wp\/v2\/posts"}],"about":[{"href":"https:\/\/indehahn.de\/index.php?rest_route=\/wp\/v2\/types\/post"}],"author":[{"embeddable":true,"href":"https:\/\/indehahn.de\/index.php?rest_route=\/wp\/v2\/users\/2"}],"replies":[{"embeddable":true,"href":"https:\/\/indehahn.de\/index.php?rest_route=%2Fwp%2Fv2%2Fcomments&post=2504"}],"version-history":[{"count":1,"href":"https:\/\/indehahn.de\/index.php?rest_route=\/wp\/v2\/posts\/2504\/revisions"}],"predecessor-version":[{"id":2505,"href":"https:\/\/indehahn.de\/index.php?rest_route=\/wp\/v2\/posts\/2504\/revisions\/2505"}],"wp:attachment":[{"href":"https:\/\/indehahn.de\/index.php?rest_route=%2Fwp%2Fv2%2Fmedia&parent=2504"}],"wp:term":[{"taxonomy":"category","embeddable":true,"href":"https:\/\/indehahn.de\/index.php?rest_route=%2Fwp%2Fv2%2Fcategories&post=2504"},{"taxonomy":"post_tag","embeddable":true,"href":"https:\/\/indehahn.de\/index.php?rest_route=%2Fwp%2Fv2%2Ftags&post=2504"}],"curies":[{"name":"wp","href":"https:\/\/api.w.org\/{rel}","templated":true}]}}