{"id":2787,"date":"2013-08-11T21:43:17","date_gmt":"2013-08-11T19:43:17","guid":{"rendered":"http:\/\/inde-hahn.de\/?p=2787"},"modified":"2015-05-16T00:29:56","modified_gmt":"2015-05-15T22:29:56","slug":"erste-gewinnt-pokalspiel-in-roetgen-am-ende-deutlich-mit-40","status":"publish","type":"post","link":"https:\/\/indehahn.de\/?p=2787","title":{"rendered":"ERSTE gewinnt Pokalspiel in Roetgen am Ende deutlich mit 4:0"},"content":{"rendered":"<p>In der dritten Runde des diesj\u00e4hrigen Kreispokal-Wettbewerbs bekam es unsere 1. Mannschaft am heutigen Sonntag mit dem A-Ligisten FC Roetgen zu tun. Bei bestem Fu\u00dfballwetter ging unser Team als klarer Favorit ins Spiel, tat sich aber lange Zeit schwer mit dem Knacken des dichten Roetgener Abwehrriegels. Zwar machte man eindeutig das Spiel, doch zwingende Torchancen ergaben sich zun\u00e4chst nur selten. Erst als Chris Cla\u00dfen im gegnerischen Strafraum mehrfach energisch nachsetzte, landete der Ball im Roetgener Netz &#8211; bef\u00f6rdert hatte ihn dorthin ein Abwehrspieler der Gastgeber. Kurz vor der Pause nutzte Roetgen, das meist mit langen B\u00e4llen in die Spitze agierte, eine L\u00fccke in der Hahner Defensive, doch der Ball ging aus guter Schussposition weit \u00fcber das heute von Dawid Banasiak geh\u00fctete Tor. Roetgen kam mit Elan aus der Kabine und erspielte sich weitere Konterchancen, doch am Ende setzte sich die taktisch-technische \u00dcberlegenheit unserer Mannschaft durch. Nachdem Daniel Krott einen Freisto\u00df per Kopf zum 2:0 verwandelt hatte, ergaben sich Chancen fast im Minutentakt, w\u00e4hrend die Gastgeber nur noch sporadisch vor das Hahner Geh\u00e4use kamen, dabei aber immerhin ihre gr\u00f6\u00dfte Chance der Partie per Kopf vergaben. In den letzten Minuten legte unsere Elf noch einmal nach: Peter Szczyrba umkurvte gekonnt den Roetgener Torh\u00fcter und Alexander Krott, der j\u00fcngere der beiden Krott-Br\u00fcder, setzte mit einem satten Distanzschuss den Schlusspunkt einer jederzeit erfreulich fairen Pokalbegegnung. N\u00e4chster Pokalgegner ist nun der Landesligist Arminia Eilendorf &#8211; die Partie wird voraussichtlich am 29. August in Hahn stattfinden.<\/p>\n<p><a href=\"http:\/\/galerie.indehahn.de\/FussballSenioren\/2013-2014\/PokalspielRoetgen\" target=\"_blank\">FOTOS<\/a><\/p>\n<div class=\"shariff\" data-title=\"ERSTE gewinnt Pokalspiel in Roetgen am Ende deutlich mit 4:0\" data-info-url=\"http:\/\/ct.de\/-2467514\" data-backend-url=\"https:\/\/indehahn.de\/wp-content\/plugins\/shariff-sharing_UNUSED\/backend\/index.php\" data-temp=\"\/tmp\" data-ttl=\"60\" data-service=\"\" data-services='[\"facebook\",\"whatsapp\",\"mail\"]' data-image=\"\" data-url=\"https:\/\/indehahn.de\/?p=2787\" data-lang=\"de\" data-theme=\"color\" data-orientation=\"horizontal\"><\/div>","protected":false},"excerpt":{"rendered":"<p>In der dritten Runde des diesj\u00e4hrigen Kreispokal-Wettbewerbs bekam es unsere 1. Mannschaft am heutigen Sonntag mit dem A-Ligisten FC Roetgen zu tun. Bei bestem Fu\u00dfballwetter ging unser Team als klarer Favorit ins Spiel, tat&#46;&#46;&#46;<\/p>\n","protected":false},"author":2,"featured_media":0,"comment_status":"closed","ping_status":"closed","sticky":false,"template":"","format":"standard","meta":{"ngg_post_thumbnail":0,"footnotes":""},"categories":[11],"tags":[],"class_list":["post-2787","post","type-post","status-publish","format-standard","hentry","category-1-mannschaft"],"_links":{"self":[{"href":"https:\/\/indehahn.de\/index.php?rest_route=\/wp\/v2\/posts\/2787","targetHints":{"allow":["GET"]}}],"collection":[{"href":"https:\/\/indehahn.de\/index.php?rest_route=\/wp\/v2\/posts"}],"about":[{"href":"https:\/\/indehahn.de\/index.php?rest_route=\/wp\/v2\/types\/post"}],"author":[{"embeddable":true,"href":"https:\/\/indehahn.de\/index.php?rest_route=\/wp\/v2\/users\/2"}],"replies":[{"embeddable":true,"href":"https:\/\/indehahn.de\/index.php?rest_route=%2Fwp%2Fv2%2Fcomments&post=2787"}],"version-history":[{"count":1,"href":"https:\/\/indehahn.de\/index.php?rest_route=\/wp\/v2\/posts\/2787\/revisions"}],"predecessor-version":[{"id":2791,"href":"https:\/\/indehahn.de\/index.php?rest_route=\/wp\/v2\/posts\/2787\/revisions\/2791"}],"wp:attachment":[{"href":"https:\/\/indehahn.de\/index.php?rest_route=%2Fwp%2Fv2%2Fmedia&parent=2787"}],"wp:term":[{"taxonomy":"category","embeddable":true,"href":"https:\/\/indehahn.de\/index.php?rest_route=%2Fwp%2Fv2%2Fcategories&post=2787"},{"taxonomy":"post_tag","embeddable":true,"href":"https:\/\/indehahn.de\/index.php?rest_route=%2Fwp%2Fv2%2Ftags&post=2787"}],"curies":[{"name":"wp","href":"https:\/\/api.w.org\/{rel}","templated":true}]}}