{"id":2823,"date":"2012-09-10T01:00:23","date_gmt":"2012-09-09T23:00:23","guid":{"rendered":"http:\/\/inde-hahn.de\/?p=2823"},"modified":"2015-05-16T00:30:28","modified_gmt":"2015-05-15T22:30:28","slug":"erste-hat-das-grosse-etappenziel-vor-augen","status":"publish","type":"post","link":"https:\/\/indehahn.de\/?p=2823","title":{"rendered":"ERSTE hat das gro\u00dfe Etappenziel vor Augen"},"content":{"rendered":"<p>Am kommenden Donnerstag ist wieder Pokalzeit! Kreispokal-Halbfinale &#8211; und das erneut mit Hahner Beteiligung. Im Vorjahr war im Halbfinale bei Rhenania Richterich Endstation, doch \u00fcber den Umweg des Spiels um Platz 3 gegen DJK FV Haaren erreichte man anschlie\u00dfend dennoch die FVM-Ebene des Pokalwettbewerbs. Nun steht man erneut unter den letzten vier Teams, von denen wiederum drei f\u00fcr die FVM-Runde qualifiziert sind. Das Los bescherte der Hahner Ersten eine Ausw\u00e4rtsbegegnung beim gut in die Saison gestarteten FC 13 Roetgen.<br \/>\nTrainer Oliver Heinrichs: &#8222;In der Kreisliga A waren das vor Jahren immer enge Spiele. Roetgen verf\u00fcgt durch junge Spieler \u00fcber gutes Potential und das wird sicher kein Spaziergang f\u00fcr uns. Wir wollen unbedingt dem Spiel um Platz 3 aus dem Weg gehen &#8211; von daher werden wir uns sehr konzentriert auf die Partie vorbereiten. Roetgen hat nicht sonderlich viel zu verlieren und wird gegen einen Bezirksligisten sicherlich auch kein Motivationsproblem haben. Doch so kurz vor dem Finale haben wir das ebenfalls nicht.&#8220;<\/p>\n<div class=\"shariff\" data-title=\"ERSTE hat das gro\u00dfe Etappenziel vor Augen\" data-info-url=\"http:\/\/ct.de\/-2467514\" data-backend-url=\"https:\/\/indehahn.de\/wp-content\/plugins\/shariff-sharing_UNUSED\/backend\/index.php\" data-temp=\"\/tmp\" data-ttl=\"60\" data-service=\"\" data-services='[\"facebook\",\"whatsapp\",\"mail\"]' data-image=\"\" data-url=\"https:\/\/indehahn.de\/?p=2823\" data-lang=\"de\" data-theme=\"color\" data-orientation=\"horizontal\"><\/div>","protected":false},"excerpt":{"rendered":"<p>Am kommenden Donnerstag ist wieder Pokalzeit! Kreispokal-Halbfinale &#8211; und das erneut mit Hahner Beteiligung. Im Vorjahr war im Halbfinale bei Rhenania Richterich Endstation, doch \u00fcber den Umweg des Spiels um Platz 3 gegen DJK&#46;&#46;&#46;<\/p>\n","protected":false},"author":2,"featured_media":0,"comment_status":"closed","ping_status":"closed","sticky":false,"template":"","format":"standard","meta":{"ngg_post_thumbnail":0,"footnotes":""},"categories":[11],"tags":[],"class_list":["post-2823","post","type-post","status-publish","format-standard","hentry","category-1-mannschaft"],"_links":{"self":[{"href":"https:\/\/indehahn.de\/index.php?rest_route=\/wp\/v2\/posts\/2823","targetHints":{"allow":["GET"]}}],"collection":[{"href":"https:\/\/indehahn.de\/index.php?rest_route=\/wp\/v2\/posts"}],"about":[{"href":"https:\/\/indehahn.de\/index.php?rest_route=\/wp\/v2\/types\/post"}],"author":[{"embeddable":true,"href":"https:\/\/indehahn.de\/index.php?rest_route=\/wp\/v2\/users\/2"}],"replies":[{"embeddable":true,"href":"https:\/\/indehahn.de\/index.php?rest_route=%2Fwp%2Fv2%2Fcomments&post=2823"}],"version-history":[{"count":1,"href":"https:\/\/indehahn.de\/index.php?rest_route=\/wp\/v2\/posts\/2823\/revisions"}],"predecessor-version":[{"id":2824,"href":"https:\/\/indehahn.de\/index.php?rest_route=\/wp\/v2\/posts\/2823\/revisions\/2824"}],"wp:attachment":[{"href":"https:\/\/indehahn.de\/index.php?rest_route=%2Fwp%2Fv2%2Fmedia&parent=2823"}],"wp:term":[{"taxonomy":"category","embeddable":true,"href":"https:\/\/indehahn.de\/index.php?rest_route=%2Fwp%2Fv2%2Fcategories&post=2823"},{"taxonomy":"post_tag","embeddable":true,"href":"https:\/\/indehahn.de\/index.php?rest_route=%2Fwp%2Fv2%2Ftags&post=2823"}],"curies":[{"name":"wp","href":"https:\/\/api.w.org\/{rel}","templated":true}]}}