{"id":2825,"date":"2012-09-10T00:00:10","date_gmt":"2012-09-09T22:00:10","guid":{"rendered":"http:\/\/inde-hahn.de\/?p=2825"},"modified":"2015-05-16T00:30:28","modified_gmt":"2015-05-15T22:30:28","slug":"7-hahner-trainer-beim-qualifikationstag-kinderfussball","status":"publish","type":"post","link":"https:\/\/indehahn.de\/?p=2825","title":{"rendered":"7 Hahner Trainer beim Qualifikationstag Kinderfu\u00dfball"},"content":{"rendered":"<p><a href=\"http:\/\/indehahn.de\/wp-content\/uploads\/2012\/09\/TrainerQualitagJunioren2012.jpg\" data-rel=\"lightbox-image-0\" data-rl_title=\"\" data-rl_caption=\"\" title=\"\"><img loading=\"lazy\" decoding=\"async\" src=\"http:\/\/indehahn.de\/wp-content\/uploads\/2012\/09\/TrainerQualitagJunioren2012.jpg\" alt=\"\" width=\"500\" height=\"350\" class=\"size-full wp-image-6312\" srcset=\"https:\/\/indehahn.de\/wp-content\/uploads\/2012\/09\/TrainerQualitagJunioren2012.jpg 500w, https:\/\/indehahn.de\/wp-content\/uploads\/2012\/09\/TrainerQualitagJunioren2012-300x210.jpg 300w, https:\/\/indehahn.de\/wp-content\/uploads\/2012\/09\/TrainerQualitagJunioren2012-200x140.jpg 200w\" sizes=\"auto, (max-width: 500px) 100vw, 500px\" \/><\/a><\/p>\n<p>Am Samstag fand im Eventbereich des Aachener Tivoli ein &#8222;Qualifikationstag Kinderfu\u00dfball&#8220; statt, an dem \u00fcber 300 Trainer und Betreuer aus den Bereichen Bambini, F- und E-Junioren teilnahmen. So war auch der FC Inde Hahn durch Nicole Dolzmann, Franz-Josef Hansen, Ralf Offermann, Guido Olbertz, Robert Ssykor, Thomas Wirthm\u00fcller und Michael Rzehak vertreten. Nach einem Gru\u00dfwort des Schirmherrn St\u00e4dteregionsrat Helmut Etschenberg konnten die interessierten Zuh\u00f6rer Vortr\u00e4gen zum Thema &#8222;Die vier tragenden S\u00e4ulen des Kinderfu\u00dfballs&#8220; lauschen, die von Mitarbeitern des DFB, des FVM und der Deutschen Sporthochschule K\u00f6ln gehalten wurden. Bei anschlie\u00dfenden Podiumsdiskussionen konnten sich die Teilnehmer dann auch selbst einbringen, wovon rege Gebrauch gemacht wurde. Zum Abschluss f\u00fchrten einige Trainer des DFB-Mobils (das \u00fcbrigens auch schon in Hahn Station gemacht hat) auf einem der Kunstrasenpl\u00e4tze von Alemannia Aachen ein Demo-Training mit F- und E-Junioren durch. Obwohl f\u00fcr unsere Trainer einige Dinge bereits bekannt waren (was indirekt die von ihnen geleistete Arbeit best\u00e4tigt), so konnten sie doch viele neue und interessante Erkenntnisse mit nach Hause nehmen, die im t\u00e4glichen Umgang mit den Kindern direkt weiterhelfen werden. Insgesamt war diese Veranstaltung ein voller Erfolg, zu dem man den Veranstaltern nur gratulieren kann!<\/p>\n<div class=\"shariff\" data-title=\"7 Hahner Trainer beim Qualifikationstag Kinderfu\u00dfball\" data-info-url=\"http:\/\/ct.de\/-2467514\" data-backend-url=\"https:\/\/indehahn.de\/wp-content\/plugins\/shariff-sharing_UNUSED\/backend\/index.php\" data-temp=\"\/tmp\" data-ttl=\"60\" data-service=\"\" data-services='[\"facebook\",\"whatsapp\",\"mail\"]' data-image=\"http:\/\/indehahn.de\/wp-content\/uploads\/2012\/09\/TrainerQualitagJunioren2012.jpg\" data-url=\"https:\/\/indehahn.de\/?p=2825\" data-lang=\"de\" data-theme=\"color\" data-orientation=\"horizontal\"><\/div>","protected":false},"excerpt":{"rendered":"<p>Am Samstag fand im Eventbereich des Aachener Tivoli ein &#8222;Qualifikationstag Kinderfu\u00dfball&#8220; statt, an dem \u00fcber 300 Trainer und Betreuer aus den Bereichen Bambini, F- und E-Junioren teilnahmen. So war auch der FC Inde Hahn&#46;&#46;&#46;<\/p>\n","protected":false},"author":2,"featured_media":0,"comment_status":"closed","ping_status":"closed","sticky":false,"template":"","format":"standard","meta":{"ngg_post_thumbnail":0,"footnotes":""},"categories":[3],"tags":[],"class_list":["post-2825","post","type-post","status-publish","format-standard","hentry","category-fussball-junioren"],"_links":{"self":[{"href":"https:\/\/indehahn.de\/index.php?rest_route=\/wp\/v2\/posts\/2825","targetHints":{"allow":["GET"]}}],"collection":[{"href":"https:\/\/indehahn.de\/index.php?rest_route=\/wp\/v2\/posts"}],"about":[{"href":"https:\/\/indehahn.de\/index.php?rest_route=\/wp\/v2\/types\/post"}],"author":[{"embeddable":true,"href":"https:\/\/indehahn.de\/index.php?rest_route=\/wp\/v2\/users\/2"}],"replies":[{"embeddable":true,"href":"https:\/\/indehahn.de\/index.php?rest_route=%2Fwp%2Fv2%2Fcomments&post=2825"}],"version-history":[{"count":2,"href":"https:\/\/indehahn.de\/index.php?rest_route=\/wp\/v2\/posts\/2825\/revisions"}],"predecessor-version":[{"id":6313,"href":"https:\/\/indehahn.de\/index.php?rest_route=\/wp\/v2\/posts\/2825\/revisions\/6313"}],"wp:attachment":[{"href":"https:\/\/indehahn.de\/index.php?rest_route=%2Fwp%2Fv2%2Fmedia&parent=2825"}],"wp:term":[{"taxonomy":"category","embeddable":true,"href":"https:\/\/indehahn.de\/index.php?rest_route=%2Fwp%2Fv2%2Fcategories&post=2825"},{"taxonomy":"post_tag","embeddable":true,"href":"https:\/\/indehahn.de\/index.php?rest_route=%2Fwp%2Fv2%2Ftags&post=2825"}],"curies":[{"name":"wp","href":"https:\/\/api.w.org\/{rel}","templated":true}]}}