{"id":2829,"date":"2012-09-09T01:00:13","date_gmt":"2012-09-08T23:00:13","guid":{"rendered":"http:\/\/inde-hahn.de\/?p=2829"},"modified":"2015-05-16T00:30:28","modified_gmt":"2015-05-15T22:30:28","slug":"blutleerer-auftritt-der-zweiten-in-vaalserquartier","status":"publish","type":"post","link":"https:\/\/indehahn.de\/?p=2829","title":{"rendered":"Blutleerer Auftritt der ZWEITEN in Vaalserquartier"},"content":{"rendered":"<p>Die Vorzeichen f\u00fcr das Spiel unserer 2. Mannschaft bei der Dritten vom FV Vaalserquartier waren schon nicht die besten: es mangelte an Personal und man spielte auf der ungeliebten Asche. Doch der Platz sollte keine Ausrede sein, denn beide Mannschaften mussten mit diesem Gel\u00e4uf zurechtkommen. Unsere Mannschaft fand von Anfang an keine richtige Einstellung zum Spiel und so war es nur eine Frage der Zeit bis sich der Torerfolg f\u00fcr Vaalserquartier einstellte. Nach nur 17 Minuten lie\u00df ein Spieler von Vaalserquartier f\u00fcnf Hahner Spieler und den Torwart wie Slalomstangen stehen und erzielte das verdiente 1:0. Mit diesem Ergebnis ging es auch in die Halbzeitpause. Alle Versuche, die Mannschaft danach wieder zur\u00fcck ins Spiel zu bringen schlugen fehl, denn bereits kurz nach der Pause fiel schon das 2:0 f\u00fcr den Gastgeber. Die einzige sehenswerte Aktion im ganzen Spiel von unserer Mannschaft brachte den Anschlusstreffer zum 2:1 durch Nikolas Bengel. Wer aber danach dachte, die Mannschaft k\u00f6nnte sich noch einmal aufb\u00e4umen, wurde arg entt\u00e4uscht. Schnell fiel das 3:1 f\u00fcr den Gastgeber, dem z\u00fcgig zwei weitere Gegentreffer folgten. Zu allem \u00dcberfluss schenkte man dem Gegner noch ein Eigentor zum 6:1, was aber irgendwie auch zu diesem Spiel passte.<br \/>\nTrainer Achim Koenigs: &#8222;Solch eine Leistung will ich von unserer Mannschaft nie mehr sehen! Es bleibt nicht lange Zeit zum Wunden lecken, denn bereits am Mittwoch stellt sich bei uns mit Kalterherberg eine der st\u00e4rkeren Mannschaften der Klasse vor. Ich will hoffen, dass die Jungs sich bis dahin gefangen haben und dann mit einer anderen Einstellung zu Werke gehen.&#8220;<\/p>\n<div class=\"shariff\" data-title=\"Blutleerer Auftritt der ZWEITEN in Vaalserquartier\" data-info-url=\"http:\/\/ct.de\/-2467514\" data-backend-url=\"https:\/\/indehahn.de\/wp-content\/plugins\/shariff-sharing_UNUSED\/backend\/index.php\" data-temp=\"\/tmp\" data-ttl=\"60\" data-service=\"\" data-services='[\"facebook\",\"whatsapp\",\"mail\"]' data-image=\"\" data-url=\"https:\/\/indehahn.de\/?p=2829\" data-lang=\"de\" data-theme=\"color\" data-orientation=\"horizontal\"><\/div>","protected":false},"excerpt":{"rendered":"<p>Die Vorzeichen f\u00fcr das Spiel unserer 2. Mannschaft bei der Dritten vom FV Vaalserquartier waren schon nicht die besten: es mangelte an Personal und man spielte auf der ungeliebten Asche. Doch der Platz sollte&#46;&#46;&#46;<\/p>\n","protected":false},"author":2,"featured_media":0,"comment_status":"closed","ping_status":"closed","sticky":false,"template":"","format":"standard","meta":{"ngg_post_thumbnail":0,"footnotes":""},"categories":[12],"tags":[],"class_list":["post-2829","post","type-post","status-publish","format-standard","hentry","category-2-mannschaft"],"_links":{"self":[{"href":"https:\/\/indehahn.de\/index.php?rest_route=\/wp\/v2\/posts\/2829","targetHints":{"allow":["GET"]}}],"collection":[{"href":"https:\/\/indehahn.de\/index.php?rest_route=\/wp\/v2\/posts"}],"about":[{"href":"https:\/\/indehahn.de\/index.php?rest_route=\/wp\/v2\/types\/post"}],"author":[{"embeddable":true,"href":"https:\/\/indehahn.de\/index.php?rest_route=\/wp\/v2\/users\/2"}],"replies":[{"embeddable":true,"href":"https:\/\/indehahn.de\/index.php?rest_route=%2Fwp%2Fv2%2Fcomments&post=2829"}],"version-history":[{"count":1,"href":"https:\/\/indehahn.de\/index.php?rest_route=\/wp\/v2\/posts\/2829\/revisions"}],"predecessor-version":[{"id":2830,"href":"https:\/\/indehahn.de\/index.php?rest_route=\/wp\/v2\/posts\/2829\/revisions\/2830"}],"wp:attachment":[{"href":"https:\/\/indehahn.de\/index.php?rest_route=%2Fwp%2Fv2%2Fmedia&parent=2829"}],"wp:term":[{"taxonomy":"category","embeddable":true,"href":"https:\/\/indehahn.de\/index.php?rest_route=%2Fwp%2Fv2%2Fcategories&post=2829"},{"taxonomy":"post_tag","embeddable":true,"href":"https:\/\/indehahn.de\/index.php?rest_route=%2Fwp%2Fv2%2Ftags&post=2829"}],"curies":[{"name":"wp","href":"https:\/\/api.w.org\/{rel}","templated":true}]}}