{"id":2867,"date":"2012-08-14T22:12:16","date_gmt":"2012-08-14T20:12:16","guid":{"rendered":"http:\/\/inde-hahn.de\/?p=2867"},"modified":"2015-05-16T00:30:29","modified_gmt":"2015-05-15T22:30:29","slug":"bricht-in-hahn-wieder-das-pokalfieber-aus","status":"publish","type":"post","link":"https:\/\/indehahn.de\/?p=2867","title":{"rendered":"Bricht in Hahn wieder das POKALFIEBER aus?"},"content":{"rendered":"<p>Die Sommervorbereitung l\u00e4uft &#8211; dar\u00fcber wurde ja schon berichtet &#8211; und zu dieser geh\u00f6rt wie immer auch die Teilnahme am Kreispokal-Wettbewerb, neuerdings &#8222;sponsored by Bitburger&#8220;. Die Teilnahme unserer Elf hat in den letzten Jahren schon eine gewisse Tradition &#8211; zu frisch sind noch die guten Erinnerungen an die Pokal-Teilnahmen auf Mittelrhein-Ebene.<br \/>\nDoch ganz so weit ist man in diesem Jahr noch nicht &#8211; nach Siegen gegen FC Burtscheid, SC Bardenberg und Rhenania Rothe Erde trifft man nun im Viertelfinale auf den neuen Landesligisten Rhenania Richterich. Gut eine Woche vor dem diesj\u00e4hrigen Meisterschaftsstart ist diese Begegnung sicherlich auch f\u00fcr Trainer Oliver Heinrichs ein willkommener Pr\u00fcfstein: &#8222;Zun\u00e4chst hat f\u00fcr uns der Pokalwettbewerb absoluten Vorrang vor den Turnierspielen, die derzeit ausgetragen werden. Selbst Spiele gegen unterklassige Gegner stellen je nach Vorgabe eine echte Herausforderung dar. Da unser Augenmerk immer auf uns gerichtet ist und wir uns nicht so sehr am Gegner orientieren oder mit den \u00e4u\u00dferen Bedingungen besch\u00e4ftigen m\u00f6chten, sind diese KO-Spiele willkommen. Auch in der kommenden Begegnung, auf die wir uns sehr freuen, wollen wir diesen Weg gehen. Der Gegner ist nicht von ungef\u00e4hr aufgestiegen, verf\u00fcgt also sicherlich \u00fcber ausgezeichnete Mittel, die er in die Waagschale werfen wird. Wir werden unsere Mittel dazu beitragen und am Ende wird sicherlich ein rassiges Pokalspiel herauskommen.&#8220;<br \/>\nBeide Vereine haben sich auf eine Verlegung der Partie auf den kommenden Donnerstag geeinigt. Ansto\u00dfzeit wird dann um 20 Uhr sein &#8211; wir hoffen auf zahlreiche Zuschauer am Hahner Kitzenhausweg.<\/p>\n<div class=\"shariff\" data-title=\"Bricht in Hahn wieder das POKALFIEBER aus?\" data-info-url=\"http:\/\/ct.de\/-2467514\" data-backend-url=\"https:\/\/indehahn.de\/wp-content\/plugins\/shariff-sharing_UNUSED\/backend\/index.php\" data-temp=\"\/tmp\" data-ttl=\"60\" data-service=\"\" data-services='[\"facebook\",\"whatsapp\",\"mail\"]' data-image=\"\" data-url=\"https:\/\/indehahn.de\/?p=2867\" data-lang=\"de\" data-theme=\"color\" data-orientation=\"horizontal\"><\/div>","protected":false},"excerpt":{"rendered":"<p>Die Sommervorbereitung l\u00e4uft &#8211; dar\u00fcber wurde ja schon berichtet &#8211; und zu dieser geh\u00f6rt wie immer auch die Teilnahme am Kreispokal-Wettbewerb, neuerdings &#8222;sponsored by Bitburger&#8220;. Die Teilnahme unserer Elf hat in den letzten Jahren&#46;&#46;&#46;<\/p>\n","protected":false},"author":2,"featured_media":0,"comment_status":"closed","ping_status":"closed","sticky":false,"template":"","format":"standard","meta":{"ngg_post_thumbnail":0,"footnotes":""},"categories":[11],"tags":[],"class_list":["post-2867","post","type-post","status-publish","format-standard","hentry","category-1-mannschaft"],"_links":{"self":[{"href":"https:\/\/indehahn.de\/index.php?rest_route=\/wp\/v2\/posts\/2867","targetHints":{"allow":["GET"]}}],"collection":[{"href":"https:\/\/indehahn.de\/index.php?rest_route=\/wp\/v2\/posts"}],"about":[{"href":"https:\/\/indehahn.de\/index.php?rest_route=\/wp\/v2\/types\/post"}],"author":[{"embeddable":true,"href":"https:\/\/indehahn.de\/index.php?rest_route=\/wp\/v2\/users\/2"}],"replies":[{"embeddable":true,"href":"https:\/\/indehahn.de\/index.php?rest_route=%2Fwp%2Fv2%2Fcomments&post=2867"}],"version-history":[{"count":1,"href":"https:\/\/indehahn.de\/index.php?rest_route=\/wp\/v2\/posts\/2867\/revisions"}],"predecessor-version":[{"id":2868,"href":"https:\/\/indehahn.de\/index.php?rest_route=\/wp\/v2\/posts\/2867\/revisions\/2868"}],"wp:attachment":[{"href":"https:\/\/indehahn.de\/index.php?rest_route=%2Fwp%2Fv2%2Fmedia&parent=2867"}],"wp:term":[{"taxonomy":"category","embeddable":true,"href":"https:\/\/indehahn.de\/index.php?rest_route=%2Fwp%2Fv2%2Fcategories&post=2867"},{"taxonomy":"post_tag","embeddable":true,"href":"https:\/\/indehahn.de\/index.php?rest_route=%2Fwp%2Fv2%2Ftags&post=2867"}],"curies":[{"name":"wp","href":"https:\/\/api.w.org\/{rel}","templated":true}]}}