{"id":2869,"date":"2012-08-08T22:13:01","date_gmt":"2012-08-08T20:13:01","guid":{"rendered":"http:\/\/inde-hahn.de\/?p=2869"},"modified":"2015-05-16T00:30:29","modified_gmt":"2015-05-15T22:30:29","slug":"vorbereitung-der-ersten-laeuft-auf-hochtouren","status":"publish","type":"post","link":"https:\/\/indehahn.de\/?p=2869","title":{"rendered":"Vorbereitung der ERSTEN l\u00e4uft auf Hochtouren"},"content":{"rendered":"<p>Allj\u00e4hrlich in den Sommermonaten rinnt der Schwei\u00df bei den Fu\u00dfballern &#8211; nicht wegen den hochsommerlichen Temperaturen, sondern wegen der Vorbereitungszeit, in der der Grundstein f\u00fcr die kommende Saison gelegt wird. Diese Phase wird nicht sonderlich geliebt und doch allseits f\u00fcr n\u00f6tig befunden und so bereitet sich nat\u00fcrlich auch der neuformierte Kader der 1. Mannschaft des FC Inde Hahn auf die Saison 2012\/13 vor.<br \/>\nTrainer Oliver Heinrichs: &#8222;Die Verantwortlichen haben insbesondere an den Stellschrauben gedreht, wo wir aufgrund der gemachten Erfahrungen Entwicklungspotential nach oben sehen. Ob dies dann tats\u00e4chlich auch gelingt, l\u00e3sst sich noch nicht mit allerletzter Gewissheit sagen. Zumindest ist der Kader zum jetzigen Zeitpunkt so gro\u00df wie selten, doch wir glauben, dass dies f\u00fcr den Saisonverlauf unbedingt n\u00f6tig ist. Formschwankungen bedingt durch Verletzungen, berufliche Belastung oder derartige Dinge sollen so aufgefangen werden. Uns war in der Planung sehr viel daran gelegen, den Spielern zu vermitteln, dass ein positiver Leistungsdruck wichtig ist. Hohe Trainingsbeteiligung und Leistungsbereitschaft sind die Grundbausteine, auf denen sich dann zielorientiert etwas aufbauen l\u00e4sst.&#8220;<br \/>\nWas die Formulierung des Saisonziels angeht, lebt der Trainer in der Realit\u00e4t: &#8222;Bisher haben wir Voraussetzungen geschaffen und sonst gar nichts. Meisterschaftsfavorit oder Mitfavorit wird man nicht dadurch, dass Trainerkollegen einen auf ein Podest heben. Wir haben sehr viel Arbeit vor uns, denn ich glaube, dass die Liga wieder sehr ausgeglichen sein wird. Vielleicht will so mancher Kollege einfach seine eigenen Ambitionen nicht so gerne in den Vordergrund r\u00fccken. In Hahn herrscht schon seit geraumer Zeit ein &#8211; wie ich finde &#8211; absolut realistisch zu erreichender Anspruch und diesem versuchen wir gerecht zu werden. Wir haben nun 3 Bezirksliga-Jahre hinter uns und waren in keinem schlechter als auf Platz 6 platziert. F\u00fcr so einen kleinen Verein wie unseren, der mit Breinig, Walheim und Rott quasi umzingelt ist von h\u00f6herklassigen Vereinen, kann sich das durchaus sehen lassen. Dass wir uns in dieser Tabellenregion sehr wohl f\u00fchlen, verheimlichen wir nicht und ich denke, dass dies auch durchaus erneut zu erreichen ist.&#8220;<\/p>\n<div class=\"shariff\" data-title=\"Vorbereitung der ERSTEN l\u00e4uft auf Hochtouren\" data-info-url=\"http:\/\/ct.de\/-2467514\" data-backend-url=\"https:\/\/indehahn.de\/wp-content\/plugins\/shariff-sharing_UNUSED\/backend\/index.php\" data-temp=\"\/tmp\" data-ttl=\"60\" data-service=\"\" data-services='[\"facebook\",\"whatsapp\",\"mail\"]' data-image=\"\" data-url=\"https:\/\/indehahn.de\/?p=2869\" data-lang=\"de\" data-theme=\"color\" data-orientation=\"horizontal\"><\/div>","protected":false},"excerpt":{"rendered":"<p>Allj\u00e4hrlich in den Sommermonaten rinnt der Schwei\u00df bei den Fu\u00dfballern &#8211; nicht wegen den hochsommerlichen Temperaturen, sondern wegen der Vorbereitungszeit, in der der Grundstein f\u00fcr die kommende Saison gelegt wird. Diese Phase wird nicht&#46;&#46;&#46;<\/p>\n","protected":false},"author":2,"featured_media":0,"comment_status":"closed","ping_status":"closed","sticky":false,"template":"","format":"standard","meta":{"ngg_post_thumbnail":0,"footnotes":""},"categories":[11],"tags":[],"class_list":["post-2869","post","type-post","status-publish","format-standard","hentry","category-1-mannschaft"],"_links":{"self":[{"href":"https:\/\/indehahn.de\/index.php?rest_route=\/wp\/v2\/posts\/2869","targetHints":{"allow":["GET"]}}],"collection":[{"href":"https:\/\/indehahn.de\/index.php?rest_route=\/wp\/v2\/posts"}],"about":[{"href":"https:\/\/indehahn.de\/index.php?rest_route=\/wp\/v2\/types\/post"}],"author":[{"embeddable":true,"href":"https:\/\/indehahn.de\/index.php?rest_route=\/wp\/v2\/users\/2"}],"replies":[{"embeddable":true,"href":"https:\/\/indehahn.de\/index.php?rest_route=%2Fwp%2Fv2%2Fcomments&post=2869"}],"version-history":[{"count":1,"href":"https:\/\/indehahn.de\/index.php?rest_route=\/wp\/v2\/posts\/2869\/revisions"}],"predecessor-version":[{"id":2870,"href":"https:\/\/indehahn.de\/index.php?rest_route=\/wp\/v2\/posts\/2869\/revisions\/2870"}],"wp:attachment":[{"href":"https:\/\/indehahn.de\/index.php?rest_route=%2Fwp%2Fv2%2Fmedia&parent=2869"}],"wp:term":[{"taxonomy":"category","embeddable":true,"href":"https:\/\/indehahn.de\/index.php?rest_route=%2Fwp%2Fv2%2Fcategories&post=2869"},{"taxonomy":"post_tag","embeddable":true,"href":"https:\/\/indehahn.de\/index.php?rest_route=%2Fwp%2Fv2%2Ftags&post=2869"}],"curies":[{"name":"wp","href":"https:\/\/api.w.org\/{rel}","templated":true}]}}