{"id":2879,"date":"2013-07-10T22:18:50","date_gmt":"2013-07-10T20:18:50","guid":{"rendered":"http:\/\/inde-hahn.de\/?p=2879"},"modified":"2015-05-16T00:29:57","modified_gmt":"2015-05-15T22:29:57","slug":"neuer-jugendvorstand-gewaehlt","status":"publish","type":"post","link":"https:\/\/indehahn.de\/?p=2879","title":{"rendered":"Neuer JUGENDVORSTAND gew\u00e4hlt"},"content":{"rendered":"<p>Am 7. Juni fand im Hahner Vereinsheim der diesj\u00e4hrige Jugendtag des FC Inde Hahn statt. Versammlungsleiter Michael Rzehak begr\u00fc\u00dfte die Anwesenden und zeigte sich angesichts der zahlreich erschienenen Jugendlichen sehr erfreut. Mit viel Beifall wurde der 1. Vorsitzende Helmut Jentges als Ehrengast begr\u00fc\u00dft. Nach einem R\u00fcckblick auf die positive Entwicklung der Jugendabteilung folgten die Verlesung des Kassenberichts und die Feststellung der Kassenpr\u00fcfer, dass die Jugendkasse ordnungsgem\u00e4\u00df gef\u00fchrt wurde. Helmut Jentges wurde von den Anwesenden zum Versammlungsleiter gew\u00e4hlt und bat in dieser Funktion die Versammlung, dem Jugendvorstand f\u00fcr die in den letzten Jahren geleistete ehrenamtliche T\u00e4tigkeit Entlastung zu erteilen. Der Jugendtag folgte dieser Bitte einstimmig. Helmut Jentges \u00fcberreichte der Jugendleiterin Ellen Kindel und der 1. Kassiererin Susanne Senden einen Blumenstrau\u00df verbunden mit einem herzlichen Dankesch\u00f6n f\u00fcr die jahrelang geleistete Vorstandsarbeit. Dies war gleichzeitig die \u00dcberleitung zum Haupttagesordnungspunkt, den Vorstandswahlen. Da Ellen Kindel und Susanne Senden auf eine weitere Kandidatur f\u00fcr ihre \u00c4mter verzichteten, musste der gesamte Jugendvorstand neu besetzt werden. Zum neuen Jugendleiter wurde Michael Rzehak, als Stellvertreter Udo Kindel gew\u00e4hlt. Sylvia Wirthm\u00fcller und Bianka Uellendall \u00fcbernehmen die Positionen der 1. und 2. Kassiererin. Ellen Kindel bekleidet nun das Amt der Jugendgesch\u00e4ftsf\u00fchrerin, Dirk Jentges wurde als ihr Stellvertreter gew\u00e4hlt. Erfreulicherweise fanden sich gleich drei jugendliche Kandidaten f\u00fcr die Posten der Jugend-Beisitzer: Jakob Pegels, Timo van Lier und Ulf Rosner wurden einstimmig gew\u00e4hlt und geh\u00f6ren somit zum erweiterten Jugendvorstand. Abschlie\u00dfend gab der neue Jugendleiter Michael Rzehak einen Ausblick auf das kommende Spieljahr: es ist beispielsweise eine Kooperation mit einer Kindertagesst\u00e4tte geplant, um schon bei den ganz Kleinen die Lust auf den Fu\u00dfballsport zu wecken. Des Weiteren m\u00f6chte der neue Jugendvorstand die Talentf\u00f6rderung weiter verbessern, aber auch weiterhin zuverl\u00e4ssig in der Breite arbeiten, um allen interessierten Fu\u00dfballspielern ein gutes Freizeitangebot bieten zu k\u00f6nnen. Nach dem offiziellen Ende der Versammlung ging man zum gem\u00fctlichen Teil des Abends \u00fcber und es wurde noch manch angeregtes Gespr\u00e4ch zwischen Jugendlichen und Erwachsenen gef\u00fchrt.<\/p>\n<p><a href=\"http:\/\/galerie.indehahn.de\/FussballJunioren\/2013\/Jugendversammlung\" target=\"_blank\">FOTOS<\/a><\/p>\n<div class=\"shariff\" data-title=\"Neuer JUGENDVORSTAND gew\u00e4hlt\" data-info-url=\"http:\/\/ct.de\/-2467514\" data-backend-url=\"https:\/\/indehahn.de\/wp-content\/plugins\/shariff-sharing_UNUSED\/backend\/index.php\" data-temp=\"\/tmp\" data-ttl=\"60\" data-service=\"\" data-services='[\"facebook\",\"whatsapp\",\"mail\"]' data-image=\"\" data-url=\"https:\/\/indehahn.de\/?p=2879\" data-lang=\"de\" data-theme=\"color\" data-orientation=\"horizontal\"><\/div>","protected":false},"excerpt":{"rendered":"<p>Am 7. Juni fand im Hahner Vereinsheim der diesj\u00e4hrige Jugendtag des FC Inde Hahn statt. Versammlungsleiter Michael Rzehak begr\u00fc\u00dfte die Anwesenden und zeigte sich angesichts der zahlreich erschienenen Jugendlichen sehr erfreut. Mit viel Beifall&#46;&#46;&#46;<\/p>\n","protected":false},"author":2,"featured_media":0,"comment_status":"closed","ping_status":"closed","sticky":false,"template":"","format":"standard","meta":{"ngg_post_thumbnail":0,"footnotes":""},"categories":[3],"tags":[],"class_list":["post-2879","post","type-post","status-publish","format-standard","hentry","category-fussball-junioren"],"_links":{"self":[{"href":"https:\/\/indehahn.de\/index.php?rest_route=\/wp\/v2\/posts\/2879","targetHints":{"allow":["GET"]}}],"collection":[{"href":"https:\/\/indehahn.de\/index.php?rest_route=\/wp\/v2\/posts"}],"about":[{"href":"https:\/\/indehahn.de\/index.php?rest_route=\/wp\/v2\/types\/post"}],"author":[{"embeddable":true,"href":"https:\/\/indehahn.de\/index.php?rest_route=\/wp\/v2\/users\/2"}],"replies":[{"embeddable":true,"href":"https:\/\/indehahn.de\/index.php?rest_route=%2Fwp%2Fv2%2Fcomments&post=2879"}],"version-history":[{"count":1,"href":"https:\/\/indehahn.de\/index.php?rest_route=\/wp\/v2\/posts\/2879\/revisions"}],"predecessor-version":[{"id":2885,"href":"https:\/\/indehahn.de\/index.php?rest_route=\/wp\/v2\/posts\/2879\/revisions\/2885"}],"wp:attachment":[{"href":"https:\/\/indehahn.de\/index.php?rest_route=%2Fwp%2Fv2%2Fmedia&parent=2879"}],"wp:term":[{"taxonomy":"category","embeddable":true,"href":"https:\/\/indehahn.de\/index.php?rest_route=%2Fwp%2Fv2%2Fcategories&post=2879"},{"taxonomy":"post_tag","embeddable":true,"href":"https:\/\/indehahn.de\/index.php?rest_route=%2Fwp%2Fv2%2Ftags&post=2879"}],"curies":[{"name":"wp","href":"https:\/\/api.w.org\/{rel}","templated":true}]}}