{"id":2994,"date":"2012-04-22T22:20:05","date_gmt":"2012-04-22T20:20:05","guid":{"rendered":"http:\/\/inde-hahn.de\/?p=2994"},"modified":"2015-05-16T00:30:30","modified_gmt":"2015-05-15T22:30:30","slug":"auch-in-der-eifel-gabs-fuer-unsere-zweite-nichts-zu-holen","status":"publish","type":"post","link":"https:\/\/indehahn.de\/?p=2994","title":{"rendered":"Auch in der Eifel gab\u2019s f\u00fcr unsere ZWEITE nichts zu holen"},"content":{"rendered":"<p>Nach den letzten Niederlagen musste unsere 2. Mannschaft am heutigen Sonntag ausgerechnet zur st\u00e4rksten Mannschaft der R\u00fcckrunde nach Strauch reisen. Die Herthaner hat bis auf eine Partie alle R\u00fcckrundenspiele gewonnen und das taten sie auch heute. Aufgrund von Verletzungen und Pr\u00fcfungen standen dem Hahner Trainer Daniel Staerk nur 13 Leute zur Verf\u00fcgung &#8211; darunter auch wieder Routinier Manni Kohnen. Von der ersten Minute an setzten die Gastgeber unser Team unter Druck und so \u00fcberstand man die ersten 5 Minuten nur mit Gl\u00fcck ohne Gegentor. Dann fiel aber doch nach einer Viertelstunde das verdiente 1:0 f\u00fcr die Gastgeber nach einem langen Ball des Torh\u00fcters. Das schien unsere Mannschaft aufgeweckt zu haben, denn nun wurde man wach und spielte fortan munter mit. Nach 20 Minuten war der Straucher Torh\u00fcter schon geschlagen und ein Abwehrspieler der Gastgeber konnte den Schuss von &#8222;Labbes&#8220; Palm nur mit der Hand kl\u00e4ren, doch der Schiedsrichter lie\u00df weiterspielen. Nach einem sch\u00f6nen Spielzug in der 30. Minute lief wiederum Palm allein auf&#8217;s Tor zu, aber der Straucher Torh\u00fcter konnte seinen Ball abwehren. Kurz vor der Pause h\u00e4tte es erneut Elfmeter f\u00fcr Hahn geben m\u00fcssen, doch auch diesmal blieb die Pfeife des Schiedsrichters stumm.<br \/>\nNach der Halbzeitpause wollte unser Team da weitermachen, wo man vor dem Seitenwechsel aufgeh\u00f6rt hatte, doch es kam ganz anders. Nach einer klaren Abseitsstellung erzielte der Gastgeber per Eigentor das 2:0. Danach verlor man total den Faden und Strauch erh\u00f6hte Tor um Tor bis zum Endstand von 5:0.<br \/>\nTrainer Daniel Staerk: &#8222;Die erste Halbzeit war bis auf die ersten 15 Minten ok &#8211; da m\u00fcssen wir aus unseren Chancen einfach Tore machen und auch der Schiedsrichter h\u00e4tte zu unseren Gunsten pfeifen k\u00f6nnen bzw. m\u00fcssen. Doch die 2. Halbzeit war unter aller Kanone &#8211; bis auf unseren Torwart hat da niemand Normalform gezeigt. Nun kommen in den n\u00e4chsten Wochen die Spiele, in denen wir punkten k\u00f6nnen und auch m\u00fcssen &#8211; das wissen meine Jungs, aber daf\u00fcr m\u00fcssen wir eindeutig mehr tun als heute in der 2 Halbzeit!&#8220;<\/p>\n<div class=\"shariff\" data-title=\"Auch in der Eifel gab\u2019s f\u00fcr unsere ZWEITE nichts zu holen\" data-info-url=\"http:\/\/ct.de\/-2467514\" data-backend-url=\"https:\/\/indehahn.de\/wp-content\/plugins\/shariff-sharing_UNUSED\/backend\/index.php\" data-temp=\"\/tmp\" data-ttl=\"60\" data-service=\"\" data-services='[\"facebook\",\"whatsapp\",\"mail\"]' data-image=\"\" data-url=\"https:\/\/indehahn.de\/?p=2994\" data-lang=\"de\" data-theme=\"color\" data-orientation=\"horizontal\"><\/div>","protected":false},"excerpt":{"rendered":"<p>Nach den letzten Niederlagen musste unsere 2. Mannschaft am heutigen Sonntag ausgerechnet zur st\u00e4rksten Mannschaft der R\u00fcckrunde nach Strauch reisen. Die Herthaner hat bis auf eine Partie alle R\u00fcckrundenspiele gewonnen und das taten sie&#46;&#46;&#46;<\/p>\n","protected":false},"author":2,"featured_media":0,"comment_status":"closed","ping_status":"closed","sticky":false,"template":"","format":"standard","meta":{"ngg_post_thumbnail":0,"footnotes":""},"categories":[12],"tags":[],"class_list":["post-2994","post","type-post","status-publish","format-standard","hentry","category-2-mannschaft"],"_links":{"self":[{"href":"https:\/\/indehahn.de\/index.php?rest_route=\/wp\/v2\/posts\/2994","targetHints":{"allow":["GET"]}}],"collection":[{"href":"https:\/\/indehahn.de\/index.php?rest_route=\/wp\/v2\/posts"}],"about":[{"href":"https:\/\/indehahn.de\/index.php?rest_route=\/wp\/v2\/types\/post"}],"author":[{"embeddable":true,"href":"https:\/\/indehahn.de\/index.php?rest_route=\/wp\/v2\/users\/2"}],"replies":[{"embeddable":true,"href":"https:\/\/indehahn.de\/index.php?rest_route=%2Fwp%2Fv2%2Fcomments&post=2994"}],"version-history":[{"count":1,"href":"https:\/\/indehahn.de\/index.php?rest_route=\/wp\/v2\/posts\/2994\/revisions"}],"predecessor-version":[{"id":2995,"href":"https:\/\/indehahn.de\/index.php?rest_route=\/wp\/v2\/posts\/2994\/revisions\/2995"}],"wp:attachment":[{"href":"https:\/\/indehahn.de\/index.php?rest_route=%2Fwp%2Fv2%2Fmedia&parent=2994"}],"wp:term":[{"taxonomy":"category","embeddable":true,"href":"https:\/\/indehahn.de\/index.php?rest_route=%2Fwp%2Fv2%2Fcategories&post=2994"},{"taxonomy":"post_tag","embeddable":true,"href":"https:\/\/indehahn.de\/index.php?rest_route=%2Fwp%2Fv2%2Ftags&post=2994"}],"curies":[{"name":"wp","href":"https:\/\/api.w.org\/{rel}","templated":true}]}}