{"id":3003,"date":"2012-04-15T23:22:41","date_gmt":"2012-04-15T21:22:41","guid":{"rendered":"http:\/\/inde-hahn.de\/?p=3003"},"modified":"2015-05-16T00:30:30","modified_gmt":"2015-05-15T22:30:30","slug":"53-kinder-beim-hahner-oster-camp-aktiv","status":"publish","type":"post","link":"https:\/\/indehahn.de\/?p=3003","title":{"rendered":"53 Kinder beim Hahner Oster-Camp aktiv"},"content":{"rendered":"<p><a href=\"http:\/\/indehahn.de\/wp-content\/uploads\/2012\/04\/Ostercamp2012.jpg\" data-rel=\"lightbox-image-0\" data-rl_title=\"\" data-rl_caption=\"\" title=\"\"><img loading=\"lazy\" decoding=\"async\" src=\"http:\/\/indehahn.de\/wp-content\/uploads\/2012\/04\/Ostercamp2012.jpg\" alt=\"Ostercamp2012\" width=\"782\" height=\"330\" class=\"alignnone size-full wp-image-6332\" srcset=\"https:\/\/indehahn.de\/wp-content\/uploads\/2012\/04\/Ostercamp2012.jpg 782w, https:\/\/indehahn.de\/wp-content\/uploads\/2012\/04\/Ostercamp2012-300x127.jpg 300w, https:\/\/indehahn.de\/wp-content\/uploads\/2012\/04\/Ostercamp2012-200x84.jpg 200w\" sizes=\"auto, (max-width: 782px) 100vw, 782px\" \/><\/a><\/p>\n<p>Zum nun schon f\u00fcnften Mal in Folge organisierte unsere Jugendabteilung in den Osterferien ein dreit\u00e4giges Fu\u00dfball-Camp, in diesem Jahr f\u00fcr Bambini bis D-Junioren. Das Interesse bei den jungen Fu\u00dfballern und Fu\u00dfballerinnen war riesig, denn trotz Urlaubszeit und Grippewelle kamen insgesamt 53 Kinder und Jugendliche, um ihrem liebsten Hobby nachzugehen !!!<br \/>\nUnser Trainer-Team hatte ein abwechslungsreiches Trainingsprogramm mit den Schwerpunkten Koordination, Ballgew\u00f6hnung, Passspiel und Spielintelligenz vorbereitet, das vor allem in drei morgendlichen Trainingseinheiten absolviert wurde. Bei durchweg tollem Fu\u00dfballwetter zogen alle Spieler und Spielerinnen selbst bei anspruchsvollen \u00dcbungen pr\u00e4chtig mit, so dass erste Lernerfolge unmittelbar zu beobachten waren. An den Nachmittagen standen dann Spielformen im Vordergrund, bei denen die Jungs und M\u00e4dels das Erlernte gleich umsetzen konnten. Besonderer Beliebtheit erfreuten sich hierbei das Champions-League-Turnier (1 gegen 1) und nat\u00fcrlich die Abschlussturniere, bei denen die Gr\u00f6\u00dferen hervorragend mit den Kleineren zusammen spielten. Am Freitagnachmittag stand f\u00fcr die j\u00fcngeren Kicker nach dem Training eine Schnitzeljagd auf dem Programm, w\u00e4hrend auf dem Sportplatzgel\u00e4nde ein Grillabend vorbereitet wurde. Hierzu waren auch die Eltern und Geschwister der SpielerInnen eingeladen und viele nutzten die Gelegenheit zum Kennenlernen, Fachsimpeln oder gem\u00fctlichen Beisammensitzen bei Sonnenschein am Kitzenhausweg.<br \/>\nSo war das Hahner Oster-Camp auch in diesem Jahr wieder ein tolles Ereignis f\u00fcr alle Beteiligten, welches in dieser Form und Gr\u00f6\u00dfe nat\u00fcrlich nur mit einem motivierten und engagierten Team zu realisieren ist. Jugendleiterin Ellen Kindel und das Trainer-Team haben in harmonischer Zusammenarbeit die komplette Organisation und Durchf\u00fchrung des Camps gestemmt. Hinzu kommen die vielen Helfer aus der Elternschaft, die beim &#8222;Drumherum&#8220; &#8211; vor allem bei der Versorgung der hungrigen M\u00e4uler in der Mittagspause, aber auch bei der Organisation der Schnitzeljagd &#8211; mitgeholfen haben. Allen, die zum Erfolg des Hahner Oster-Camps beigetragen haben, m\u00f6chten wir auf diesem Wege ein gro\u00dfes DANKESCH\u00d6N sagen !!!<\/p>\n<p><a href=\"http:\/\/galerie.indehahn.de\/FussballJunioren\/2012\/Ostercamp\" target=\"_blank\">FOTOS<\/a><\/p>\n<div class=\"shariff\" data-title=\"53 Kinder beim Hahner Oster-Camp aktiv\" data-info-url=\"http:\/\/ct.de\/-2467514\" data-backend-url=\"https:\/\/indehahn.de\/wp-content\/plugins\/shariff-sharing_UNUSED\/backend\/index.php\" data-temp=\"\/tmp\" data-ttl=\"60\" data-service=\"\" data-services='[\"facebook\",\"whatsapp\",\"mail\"]' data-image=\"http:\/\/indehahn.de\/wp-content\/uploads\/2012\/04\/Ostercamp2012.jpg\" data-url=\"https:\/\/indehahn.de\/?p=3003\" data-lang=\"de\" data-theme=\"color\" data-orientation=\"horizontal\"><\/div>","protected":false},"excerpt":{"rendered":"<p>Zum nun schon f\u00fcnften Mal in Folge organisierte unsere Jugendabteilung in den Osterferien ein dreit\u00e4giges Fu\u00dfball-Camp, in diesem Jahr f\u00fcr Bambini bis D-Junioren. Das Interesse bei den jungen Fu\u00dfballern und Fu\u00dfballerinnen war riesig, denn&#46;&#46;&#46;<\/p>\n","protected":false},"author":2,"featured_media":0,"comment_status":"closed","ping_status":"closed","sticky":false,"template":"","format":"standard","meta":{"ngg_post_thumbnail":0,"footnotes":""},"categories":[30,3],"tags":[],"class_list":["post-3003","post","type-post","status-publish","format-standard","hentry","category-events","category-fussball-junioren"],"_links":{"self":[{"href":"https:\/\/indehahn.de\/index.php?rest_route=\/wp\/v2\/posts\/3003","targetHints":{"allow":["GET"]}}],"collection":[{"href":"https:\/\/indehahn.de\/index.php?rest_route=\/wp\/v2\/posts"}],"about":[{"href":"https:\/\/indehahn.de\/index.php?rest_route=\/wp\/v2\/types\/post"}],"author":[{"embeddable":true,"href":"https:\/\/indehahn.de\/index.php?rest_route=\/wp\/v2\/users\/2"}],"replies":[{"embeddable":true,"href":"https:\/\/indehahn.de\/index.php?rest_route=%2Fwp%2Fv2%2Fcomments&post=3003"}],"version-history":[{"count":3,"href":"https:\/\/indehahn.de\/index.php?rest_route=\/wp\/v2\/posts\/3003\/revisions"}],"predecessor-version":[{"id":6333,"href":"https:\/\/indehahn.de\/index.php?rest_route=\/wp\/v2\/posts\/3003\/revisions\/6333"}],"wp:attachment":[{"href":"https:\/\/indehahn.de\/index.php?rest_route=%2Fwp%2Fv2%2Fmedia&parent=3003"}],"wp:term":[{"taxonomy":"category","embeddable":true,"href":"https:\/\/indehahn.de\/index.php?rest_route=%2Fwp%2Fv2%2Fcategories&post=3003"},{"taxonomy":"post_tag","embeddable":true,"href":"https:\/\/indehahn.de\/index.php?rest_route=%2Fwp%2Fv2%2Ftags&post=3003"}],"curies":[{"name":"wp","href":"https:\/\/api.w.org\/{rel}","templated":true}]}}