{"id":3080,"date":"2012-03-18T09:53:33","date_gmt":"2012-03-18T08:53:33","guid":{"rendered":"http:\/\/inde-hahn.de\/?p=3080"},"modified":"2015-05-16T00:30:31","modified_gmt":"2015-05-15T22:30:31","slug":"zweite-verliert-auch-gegen-den-naechsten-ortsnachbarn","status":"publish","type":"post","link":"https:\/\/indehahn.de\/?p=3080","title":{"rendered":"ZWEITE verliert auch gegen den n\u00e4chsten Ortsnachbarn"},"content":{"rendered":"<p>Nach den letzten beiden Niederlagen wollte unsere 2. Mannschaft an diesem Sonntag wieder einmal punkten. Zu Gast war der Tabellenvierte Hertha Walheim III. Von der ersten Minute an versuchte der Gast aus Walheim, das Spiel an sich zu nehmen und kam auch nach 10 Minuten zur ersten Torchance, die der Hahner Torh\u00fcter Bj\u00f6rn G\u00fcssgen vereiteln konnte. Unsere Mannschaft kam \u00fcberhaupt nicht ins Spiel, so dass die G\u00e4ste zu weiteren Chancen kamen. Vorerst hielt der starke Hahner Schlussmann aber alles, was zu halten war. Nach einer halben Stunde sah man die einzige Chance f\u00fcr unser Team vor der Pause, doch der Walheimer Torh\u00fcter konnte nach einem Schuss von Jonas Pietsch zur Ecke kl\u00e4ren. In der 35. Minute fiel der verdiente F\u00fchrungstreffer der G\u00e4ste &#8211; leider nach klarer Abseitsposition. Nun war von Hahn gar nichts mehr zu sehen und in der 44. Minute folgte bereits das 0:2. Nach dem Seitenwechsel reichte es auf Hahner Seite noch zu einer Doppelchance, doch danach gab man sich auf und Walheim markierte das 0:3. Sp\u00e4ter hatte unser Team bei einem Lattenschuss noch einmal viel Gl\u00fcck, so dass es am Ende beim entt\u00e4uschenden 0:3 blieb.<br \/>\nTrainer Daniel Staerk: &#8222;Ich bin heute von der Einstellung meiner Jungs richtig entt\u00e4uscht &#8211; da war weder Einsatz noch Wille zu sehen. Ohne Manni Kohnen und Torh\u00fcter Bj\u00f6rn G\u00fcssgen h\u00e4tten wir heute eine richtige Packung bekommen. Dass die Jungs anders k\u00f6nnen haben Sie schon \u00f6fter gezeigt &#8211; ich hoffe, dass wir in der kommenden Woche wieder das andere Gesicht zeigen.&#8220;<\/p>\n<div class=\"shariff\" data-title=\"ZWEITE verliert auch gegen den n\u00e4chsten Ortsnachbarn\" data-info-url=\"http:\/\/ct.de\/-2467514\" data-backend-url=\"https:\/\/indehahn.de\/wp-content\/plugins\/shariff-sharing_UNUSED\/backend\/index.php\" data-temp=\"\/tmp\" data-ttl=\"60\" data-service=\"\" data-services='[\"facebook\",\"whatsapp\",\"mail\"]' data-image=\"\" data-url=\"https:\/\/indehahn.de\/?p=3080\" data-lang=\"de\" data-theme=\"color\" data-orientation=\"horizontal\"><\/div>","protected":false},"excerpt":{"rendered":"<p>Nach den letzten beiden Niederlagen wollte unsere 2. Mannschaft an diesem Sonntag wieder einmal punkten. Zu Gast war der Tabellenvierte Hertha Walheim III. Von der ersten Minute an versuchte der Gast aus Walheim, das&#46;&#46;&#46;<\/p>\n","protected":false},"author":2,"featured_media":0,"comment_status":"closed","ping_status":"closed","sticky":false,"template":"","format":"standard","meta":{"ngg_post_thumbnail":0,"footnotes":""},"categories":[12],"tags":[],"class_list":["post-3080","post","type-post","status-publish","format-standard","hentry","category-2-mannschaft"],"_links":{"self":[{"href":"https:\/\/indehahn.de\/index.php?rest_route=\/wp\/v2\/posts\/3080","targetHints":{"allow":["GET"]}}],"collection":[{"href":"https:\/\/indehahn.de\/index.php?rest_route=\/wp\/v2\/posts"}],"about":[{"href":"https:\/\/indehahn.de\/index.php?rest_route=\/wp\/v2\/types\/post"}],"author":[{"embeddable":true,"href":"https:\/\/indehahn.de\/index.php?rest_route=\/wp\/v2\/users\/2"}],"replies":[{"embeddable":true,"href":"https:\/\/indehahn.de\/index.php?rest_route=%2Fwp%2Fv2%2Fcomments&post=3080"}],"version-history":[{"count":1,"href":"https:\/\/indehahn.de\/index.php?rest_route=\/wp\/v2\/posts\/3080\/revisions"}],"predecessor-version":[{"id":3081,"href":"https:\/\/indehahn.de\/index.php?rest_route=\/wp\/v2\/posts\/3080\/revisions\/3081"}],"wp:attachment":[{"href":"https:\/\/indehahn.de\/index.php?rest_route=%2Fwp%2Fv2%2Fmedia&parent=3080"}],"wp:term":[{"taxonomy":"category","embeddable":true,"href":"https:\/\/indehahn.de\/index.php?rest_route=%2Fwp%2Fv2%2Fcategories&post=3080"},{"taxonomy":"post_tag","embeddable":true,"href":"https:\/\/indehahn.de\/index.php?rest_route=%2Fwp%2Fv2%2Ftags&post=3080"}],"curies":[{"name":"wp","href":"https:\/\/api.w.org\/{rel}","templated":true}]}}