{"id":3188,"date":"2011-10-24T10:37:28","date_gmt":"2011-10-24T08:37:28","guid":{"rendered":"http:\/\/inde-hahn.de\/?p=3188"},"modified":"2015-05-16T00:31:00","modified_gmt":"2015-05-15T22:31:00","slug":"unnoetige-niederlage-der-2-mannschaft","status":"publish","type":"post","link":"https:\/\/indehahn.de\/?p=3188","title":{"rendered":"Unn\u00f6tige Niederlage der 2. MANNSCHAFT"},"content":{"rendered":"<p>Am gestrigen Sonntagmorgen traf unsere Zweite in einem Heimspiel auf Hertha Strauch. Nach dem hohen Sieg am vergangenen Donnerstag wollte man nun auch gegen Strauch nachlegen. Wegen Urlaub, Verletzungen und Arbeitsausf\u00e4llen standen Trainer Daniel Staerk allerdings nur 13 Spieler zur Verf\u00fcgung, so das &#8222;Oldie&#8220; Manni Kohnen noch einmal einspringen musste. Daf\u00fcr ein gro\u00dfes Dankesch\u00f6n! Die erste Halbzeit ist kurz beschrieben: es gab viele Fehler auf beide Seiten und keine echten Torchancen &#8211; so blieb es folgerichtig beim 0:0.<br \/>\nNach der Halbzeitpause kam Hahn zun\u00e4chst besser ins Spiel und nach einer gelb-roten Karte gegen Strauch dachte man schon, man h\u00e4tte nun leichtes Spiel. Der Druck auf die G\u00e4ste aus der Eifel wurde auch erh\u00f6ht, aber es sprangen nur kleinere M\u00f6glichkeiten heraus. Besser machten es die Straucher, als sie in der 70. Minute nach einer Ecke zum gl\u00fccklichen 0:1 kamen. Nur wenig sp\u00e4ter h\u00e4tte Mehmet Maloki den Ausgleich machten k\u00f6nnen, doch er vergab. Auch Pati Clau\u00df hatte das 1:1 auf dem Fu\u00df, aber der Straucher Schlussmann konnte seinen Schuss noch abwehren. Leider war&#8217;s das dann von unserer Mannschaft, denn unbegreiflicherweise \u00fcberlie\u00df man dem Gegner mit seinen Kontern nun das Spiel und innerhalb von 15 Minuten zog Strauch noch auf 0:4 davon.<br \/>\nTrainer Daniel Staerk: &#8222;Ich bin richtig entt\u00e4uscht, denn dieses Spiel darf man niemals verlieren. Wir haben 35 Minuten in \u00dcberzahl gespielt, hatten die besseren Chancen und bis zur 70. Minute das etwas bessere Team. Doch dann verliert man so den Faden das darf einfach nicht passieren. Danken m\u00f6chte ich unbedingt Manni Kohnen, der sich mal wieder zur Verf\u00fcgung gestellt hat.&#8220;<\/p>\n<div class=\"shariff\" data-title=\"Unn\u00f6tige Niederlage der 2. MANNSCHAFT\" data-info-url=\"http:\/\/ct.de\/-2467514\" data-backend-url=\"https:\/\/indehahn.de\/wp-content\/plugins\/shariff-sharing_UNUSED\/backend\/index.php\" data-temp=\"\/tmp\" data-ttl=\"60\" data-service=\"\" data-services='[\"facebook\",\"whatsapp\",\"mail\"]' data-image=\"\" data-url=\"https:\/\/indehahn.de\/?p=3188\" data-lang=\"de\" data-theme=\"color\" data-orientation=\"horizontal\"><\/div>","protected":false},"excerpt":{"rendered":"<p>Am gestrigen Sonntagmorgen traf unsere Zweite in einem Heimspiel auf Hertha Strauch. Nach dem hohen Sieg am vergangenen Donnerstag wollte man nun auch gegen Strauch nachlegen. Wegen Urlaub, Verletzungen und Arbeitsausf\u00e4llen standen Trainer Daniel&#46;&#46;&#46;<\/p>\n","protected":false},"author":2,"featured_media":0,"comment_status":"closed","ping_status":"closed","sticky":false,"template":"","format":"standard","meta":{"ngg_post_thumbnail":0,"footnotes":""},"categories":[12],"tags":[],"class_list":["post-3188","post","type-post","status-publish","format-standard","hentry","category-2-mannschaft"],"_links":{"self":[{"href":"https:\/\/indehahn.de\/index.php?rest_route=\/wp\/v2\/posts\/3188","targetHints":{"allow":["GET"]}}],"collection":[{"href":"https:\/\/indehahn.de\/index.php?rest_route=\/wp\/v2\/posts"}],"about":[{"href":"https:\/\/indehahn.de\/index.php?rest_route=\/wp\/v2\/types\/post"}],"author":[{"embeddable":true,"href":"https:\/\/indehahn.de\/index.php?rest_route=\/wp\/v2\/users\/2"}],"replies":[{"embeddable":true,"href":"https:\/\/indehahn.de\/index.php?rest_route=%2Fwp%2Fv2%2Fcomments&post=3188"}],"version-history":[{"count":1,"href":"https:\/\/indehahn.de\/index.php?rest_route=\/wp\/v2\/posts\/3188\/revisions"}],"predecessor-version":[{"id":3189,"href":"https:\/\/indehahn.de\/index.php?rest_route=\/wp\/v2\/posts\/3188\/revisions\/3189"}],"wp:attachment":[{"href":"https:\/\/indehahn.de\/index.php?rest_route=%2Fwp%2Fv2%2Fmedia&parent=3188"}],"wp:term":[{"taxonomy":"category","embeddable":true,"href":"https:\/\/indehahn.de\/index.php?rest_route=%2Fwp%2Fv2%2Fcategories&post=3188"},{"taxonomy":"post_tag","embeddable":true,"href":"https:\/\/indehahn.de\/index.php?rest_route=%2Fwp%2Fv2%2Ftags&post=3188"}],"curies":[{"name":"wp","href":"https:\/\/api.w.org\/{rel}","templated":true}]}}