{"id":3292,"date":"2013-03-10T19:50:56","date_gmt":"2013-03-10T18:50:56","guid":{"rendered":"http:\/\/inde-hahn.de\/?p=3292"},"modified":"2015-05-16T00:30:24","modified_gmt":"2015-05-15T22:30:24","slug":"12-heimniederlage-der-1-mannschaft-gegen-haaren","status":"publish","type":"post","link":"https:\/\/indehahn.de\/?p=3292","title":{"rendered":"1:2-Heimniederlage der 1. MANNSCHAFT gegen Haaren"},"content":{"rendered":"<p>Es war vorherzusehen, dass sich den Zuschauern des Spiels zwischen FC Inde Hahn gegen DJK FV Haaren eine rasante Partie bieten w\u00fcrde. Beide Teams liegen im Verfolgerfeld der oberen Tabellenregion und beiden ist letztlich nur mit Siegen geholfen, um vielleicht nochmal nach oben zu schielen. Und diese Vorhersage erf\u00fcllte sich dann auch.<br \/>\nHaaren geh\u00f6rte mit zahlreichen Standardsituationen die Anfangsphase. Hahn blieb in dieser Phase nur das Umschalten nach den Standards, doch mit zunehmender Spieldauer konnte man sich etwas befreien. Und doch erzielte Falkenroth nach Missverst\u00e4ndnis zwischen Cla\u00dfen und Schnorrenberg die 1:0-G\u00e4stef\u00fchrung. Nach kurzem Sch\u00fctteln fand Hahn wieder in die Begegnung &#8211; Kopfballgelegenheiten von Szymanski und Kalic blieben ungenutzt und Rader verpasste nach Hereingabe am langen Pfosten. Schon in dieser Phase konnte sich Haarens Schlussmann Giron mehrfach auszeichnen.<br \/>\nEin Spielerwechsel kurz vor der Pause und einer w\u00e4hrend des Seitenwechsels sollte f\u00fcr weitere Verbesserung sorgen. Diese Ma\u00dfnahmen schienen zun\u00e4chst aufzugehen &#8211; der agile Morita und vor allem der enorm flei\u00dfige Banzet sowie die damit verbundenen Umstellungen brachten ein deutliches Hahner \u00dcbergewicht. In der 50. Minute konnte Stefan Banzet einen Schuss von Tobi Szymanski unhaltbar mit dem Kopf zum Ausgleich abf\u00e4lschen. Auch die weitere Phase im Anschluss an diesen Ausgleich geh\u00f6rte Hahn &#8211; wiederum war es Torh\u00fcter Giron, der sich mehrfach toll auszeichnen konnte. Haaren hielt diesem Druck jedoch stand und nicht nur das &#8211; mit einem Konter fand die G\u00e4steelf zur\u00fcck in die Partie. In der 73. Minute konnte Schnorrenberg zun\u00e4chst noch gegen Bergrath parieren, doch Klasen stand goldrichtig und staubte zum umjubelten 1:2 ab. Hatte Hahn die Partie zuvor noch dirigiert, sah man nun einige h\u00e4ngende K\u00f6pfe. So blieben weitere klare Chancen zum Ausgleich aus. Haaren verpasste auf der anderen Seite, seine Konterm\u00f6glichkeiten zu nutzen, so dass es beim 1:2 bis zum Schlusspfiff blieb.<br \/>\nTrainer Oliver Heinrichs: &#8222;Mit dem Einsatzwillen bin ich nicht unzufrieden, doch leider haben wir die besseren Phasen f\u00fcr uns nicht entscheidend nutzen k\u00f6nnen. Meines Erachtens waren diese Phasen durchaus da und auch Torchancen wurden hier herausgespielt. Insgesamt l\u00e4sst sich sagen, hier muss man eiskalt zuschlagen und das haben wir nicht gemacht. Schlusmann Giron und Bergrath waren f\u00fcr mich auf Haarener Seite spielentscheidend.&#8220;<\/p>\n<div class=\"shariff\" data-title=\"1:2-Heimniederlage der 1. MANNSCHAFT gegen Haaren\" data-info-url=\"http:\/\/ct.de\/-2467514\" data-backend-url=\"https:\/\/indehahn.de\/wp-content\/plugins\/shariff-sharing_UNUSED\/backend\/index.php\" data-temp=\"\/tmp\" data-ttl=\"60\" data-service=\"\" data-services='[\"facebook\",\"whatsapp\",\"mail\"]' data-image=\"\" data-url=\"https:\/\/indehahn.de\/?p=3292\" data-lang=\"de\" data-theme=\"color\" data-orientation=\"horizontal\"><\/div>","protected":false},"excerpt":{"rendered":"<p>Es war vorherzusehen, dass sich den Zuschauern des Spiels zwischen FC Inde Hahn gegen DJK FV Haaren eine rasante Partie bieten w\u00fcrde. Beide Teams liegen im Verfolgerfeld der oberen Tabellenregion und beiden ist letztlich&#46;&#46;&#46;<\/p>\n","protected":false},"author":2,"featured_media":0,"comment_status":"closed","ping_status":"closed","sticky":false,"template":"","format":"standard","meta":{"ngg_post_thumbnail":0,"footnotes":""},"categories":[11],"tags":[],"class_list":["post-3292","post","type-post","status-publish","format-standard","hentry","category-1-mannschaft"],"_links":{"self":[{"href":"https:\/\/indehahn.de\/index.php?rest_route=\/wp\/v2\/posts\/3292","targetHints":{"allow":["GET"]}}],"collection":[{"href":"https:\/\/indehahn.de\/index.php?rest_route=\/wp\/v2\/posts"}],"about":[{"href":"https:\/\/indehahn.de\/index.php?rest_route=\/wp\/v2\/types\/post"}],"author":[{"embeddable":true,"href":"https:\/\/indehahn.de\/index.php?rest_route=\/wp\/v2\/users\/2"}],"replies":[{"embeddable":true,"href":"https:\/\/indehahn.de\/index.php?rest_route=%2Fwp%2Fv2%2Fcomments&post=3292"}],"version-history":[{"count":1,"href":"https:\/\/indehahn.de\/index.php?rest_route=\/wp\/v2\/posts\/3292\/revisions"}],"predecessor-version":[{"id":3293,"href":"https:\/\/indehahn.de\/index.php?rest_route=\/wp\/v2\/posts\/3292\/revisions\/3293"}],"wp:attachment":[{"href":"https:\/\/indehahn.de\/index.php?rest_route=%2Fwp%2Fv2%2Fmedia&parent=3292"}],"wp:term":[{"taxonomy":"category","embeddable":true,"href":"https:\/\/indehahn.de\/index.php?rest_route=%2Fwp%2Fv2%2Fcategories&post=3292"},{"taxonomy":"post_tag","embeddable":true,"href":"https:\/\/indehahn.de\/index.php?rest_route=%2Fwp%2Fv2%2Ftags&post=3292"}],"curies":[{"name":"wp","href":"https:\/\/api.w.org\/{rel}","templated":true}]}}