{"id":3373,"date":"2012-12-14T10:47:31","date_gmt":"2012-12-14T09:47:31","guid":{"rendered":"http:\/\/inde-hahn.de\/?p=3373"},"modified":"2015-05-16T00:30:25","modified_gmt":"2015-05-15T22:30:25","slug":"diesmal-war-im-achtelfinale-schluss","status":"publish","type":"post","link":"https:\/\/indehahn.de\/?p=3373","title":{"rendered":"Diesmal war im ACHTELFINALE Schluss"},"content":{"rendered":"<p>Im dritten Anlauf hat es endlich geklappt, doch auch gestern verz\u00f6gerte sich der Anpfiff der Achtelfinalpartie im Mittelrhein-Pokal und das Spiel stand bis kurz vor dem Anpfiff auf der Kippe. Das Schiedsrichtergespann aus K\u00f6ln befand den Platz unmittelbar vor der Passkontrolle f\u00fcr nicht bespielbar und das zur \u00dcberraschung beider Teams, denn deren Spielvorbereitung war bereits abgeschlossen und man wartete eigentlich nur noch auf den Anpfiff. Der Platz wurde also auch von den letzten wenigen Schneeresten befreit und anschlie\u00dfend konnte es mit 40-min\u00fctiger Versp\u00e4tung losgehen.<br \/>\nUnd wie es losging !!!<br \/>\nAus einer geordneten Defensive schaltete unsere Mannschaft schnell um und brachte den Mittelrheinligisten einige Male in Bedr\u00e4ngnis. Eine Kombination \u00fcber Timo Bechmann nutzte Stefan Banzet zur 1:0-F\u00fchrung. Klinkenberg, Kalic und G\u00fclez per Kopf vers\u00e4umten es anschlie\u00dfend, diese auszubauen. Auf der Gegenseite riskierte Keeper Schnorrenberg Kopf und Kragen, als er Blaas den Ball vom Fu\u00df fischte. Wiederum Blaas wurde im R\u00fccken der Abwehr bedient und traf aus spitzem Winkel den Pfosten. Mit der letzten Aktion vor der Pause gelang der Inde noch ein toller Konter &#8211; diesmal bediente Banzet den am langen Pfosten mitgelaufenen Timo Bechmann, der den nicht f\u00fcr m\u00f6glich gehaltenen 2:0-F\u00fchrungstreffer erzielte.<br \/>\nDoch im zweiten Durchgang wendete sich das Blatt. Blaas erzielte zun\u00e4chst per Kopf den 1:2-Anschluss, bevor der G\u00e4steschlussmann mit der Hand au\u00dferhalb des Strafraums gegen den durchgebrochenen Banzet rettete. Der folgende Freisto\u00df brachte ebenso wenig ein wie die Tatsache, dass Beeck nun 35 Minuten in Unterzahl spielen musste. Es kam n\u00e4mlich noch schlimmer: Walbaum und Lambertz drehten mit ihren beiden Treffern das Ergebnis zu Gunsten des Mittelrheinligisten. Eigentlich h\u00e4tte es doch noch in die Verl\u00e4ngerung gehen m\u00fcssen, doch der Schiedsrichter hatte beim Kopfball von Stefan Banzet ein Foul gesehen und erkannte den Treffer kurz vor dem Abpfiff nicht an. Mit seiner Meinung war er allerdings ziemlich allein auf dem Platz, denn selbst der Beecker Anhang konnte bei dieser Aktion keine Regelwidrigkeit erkennen. Aber so l\u00e4uft es halt manchmal und da auch die eigentlich f\u00e4llige mehrmin\u00fctige Nachspielzeit nicht stattfand, blieb es am Ende beim 3:2 f\u00fcr die G\u00e4ste, die vor allem in der zweiten Halbzeit ihre St\u00e4rken ausspielen konnten und damit nicht unverdient ins Viertelfinale eingezogen sind.<br \/>\nTrainer Oliver Heinrichs: &#8222;Dass wir nun im Pokalwettbewerb nicht mehr dabei sind und heute gegen einen Mittelrheinligisten ausgeschieden sind, ist an sich nicht so sensationell. Es w\u00e4re vielmehr eine Sensation gewesen, wenn wir den ersten sehr guten 45 Minuten eine weitere gute Halbzeit h\u00e4tten folgen lassen. Dann w\u00e4ren wir nun unter den besten 8 Teams gewesen und von daher wurmt das Ausscheiden schon sehr. Der erste Durchgang war bis auf wenige Kleinigkeiten taktisch clever sowie gepr\u00e4gt von bissigem Zweikampfverhalten. Diese Dinge waren im zweiten Durchgang leider nicht mehr gut. Passivit\u00e4t im Zweikampfverhalten und fehlender Mut, die L\u00fccken zu schlie\u00dfen, um die n\u00f6tigen \u00dcberzahlsituationen auch f\u00fcr sich zu nutzen, waren aus meiner Sicht die Gr\u00fcnde daf\u00fcr, dass wir das Spiel noch aus der Hand gegeben haben. Jetzt werden wir den Frust erst einmal verdauen und dann k\u00f6nnen wir durchaus auf ein gutes Pokaljahr zur\u00fcckblicken.&#8220;<\/p>\n<div class=\"shariff\" data-title=\"Diesmal war im ACHTELFINALE Schluss\" data-info-url=\"http:\/\/ct.de\/-2467514\" data-backend-url=\"https:\/\/indehahn.de\/wp-content\/plugins\/shariff-sharing_UNUSED\/backend\/index.php\" data-temp=\"\/tmp\" data-ttl=\"60\" data-service=\"\" data-services='[\"facebook\",\"whatsapp\",\"mail\"]' data-image=\"\" data-url=\"https:\/\/indehahn.de\/?p=3373\" data-lang=\"de\" data-theme=\"color\" data-orientation=\"horizontal\"><\/div>","protected":false},"excerpt":{"rendered":"<p>Im dritten Anlauf hat es endlich geklappt, doch auch gestern verz\u00f6gerte sich der Anpfiff der Achtelfinalpartie im Mittelrhein-Pokal und das Spiel stand bis kurz vor dem Anpfiff auf der Kippe. Das Schiedsrichtergespann aus K\u00f6ln&#46;&#46;&#46;<\/p>\n","protected":false},"author":2,"featured_media":0,"comment_status":"closed","ping_status":"closed","sticky":false,"template":"","format":"standard","meta":{"ngg_post_thumbnail":0,"footnotes":""},"categories":[11],"tags":[],"class_list":["post-3373","post","type-post","status-publish","format-standard","hentry","category-1-mannschaft"],"_links":{"self":[{"href":"https:\/\/indehahn.de\/index.php?rest_route=\/wp\/v2\/posts\/3373","targetHints":{"allow":["GET"]}}],"collection":[{"href":"https:\/\/indehahn.de\/index.php?rest_route=\/wp\/v2\/posts"}],"about":[{"href":"https:\/\/indehahn.de\/index.php?rest_route=\/wp\/v2\/types\/post"}],"author":[{"embeddable":true,"href":"https:\/\/indehahn.de\/index.php?rest_route=\/wp\/v2\/users\/2"}],"replies":[{"embeddable":true,"href":"https:\/\/indehahn.de\/index.php?rest_route=%2Fwp%2Fv2%2Fcomments&post=3373"}],"version-history":[{"count":1,"href":"https:\/\/indehahn.de\/index.php?rest_route=\/wp\/v2\/posts\/3373\/revisions"}],"predecessor-version":[{"id":3374,"href":"https:\/\/indehahn.de\/index.php?rest_route=\/wp\/v2\/posts\/3373\/revisions\/3374"}],"wp:attachment":[{"href":"https:\/\/indehahn.de\/index.php?rest_route=%2Fwp%2Fv2%2Fmedia&parent=3373"}],"wp:term":[{"taxonomy":"category","embeddable":true,"href":"https:\/\/indehahn.de\/index.php?rest_route=%2Fwp%2Fv2%2Fcategories&post=3373"},{"taxonomy":"post_tag","embeddable":true,"href":"https:\/\/indehahn.de\/index.php?rest_route=%2Fwp%2Fv2%2Ftags&post=3373"}],"curies":[{"name":"wp","href":"https:\/\/api.w.org\/{rel}","templated":true}]}}