{"id":3461,"date":"2012-10-08T11:48:44","date_gmt":"2012-10-08T09:48:44","guid":{"rendered":"http:\/\/inde-hahn.de\/?p=3461"},"modified":"2015-05-16T00:30:27","modified_gmt":"2015-05-15T22:30:27","slug":"gute-laune-laufwochenende-in-donaueschingen","status":"publish","type":"post","link":"https:\/\/indehahn.de\/?p=3461","title":{"rendered":"Gute-Laune-LAUFWOCHENENDE in Donaueschingen"},"content":{"rendered":"<p>In den letzten Jahren fuhr unsere Laufgruppe regelm\u00e4\u00dfig nach den Sommerferien gemeinsam an die holl\u00e4ndische K\u00fcste, um dort drei Tage Spa\u00df zu haben &#8211; und nat\u00fcrlich zum Laufen. In diesem Jahr war alles anders, denn die ehemaligen Laufkollegen Brigitte und Norbert hatten in ihr neues (und \u00fcbrigens wundersch\u00f6nes) Domizil nach Donaueschingen eingeladen. Und so fuhr man Mitte September mit drei vollgepackten Autos gen S\u00fcden, um die Beiden f\u00fcr ein langes Wochenende zu besuchen. Diese drei Tage waren prall gef\u00fcllt mit einem z\u00fcnftigen Abendessen in einer schw\u00e4bischen Vesperstube, zwei Laufeinheiten in der wundersch\u00f6nen Landschaft an den H\u00e4ngen des Schwarzwaldes, Chillen am hauseigenen Pool, einem Grillabend und einer tollen Wanderung durch die Wutachschlucht zum kr\u00f6nenden Abschluss. Vor allem hatten unsere L\u00e4ufer aber wieder jede Menge Spa\u00df &#8211; und das sieht man sicher auch auf den vielen Bildern.<\/p>\n<p><a href=\"http:\/\/galerie.indehahn.de\/Lauftreff\/2012\/Donaueschingen\" target=\"_blank\">FOTOS<\/a><\/p>\n<div class=\"shariff\" data-title=\"Gute-Laune-LAUFWOCHENENDE in Donaueschingen\" data-info-url=\"http:\/\/ct.de\/-2467514\" data-backend-url=\"https:\/\/indehahn.de\/wp-content\/plugins\/shariff-sharing_UNUSED\/backend\/index.php\" data-temp=\"\/tmp\" data-ttl=\"60\" data-service=\"\" data-services='[\"facebook\",\"whatsapp\",\"mail\"]' data-image=\"\" data-url=\"https:\/\/indehahn.de\/?p=3461\" data-lang=\"de\" data-theme=\"color\" data-orientation=\"horizontal\"><\/div>","protected":false},"excerpt":{"rendered":"<p>In den letzten Jahren fuhr unsere Laufgruppe regelm\u00e4\u00dfig nach den Sommerferien gemeinsam an die holl\u00e4ndische K\u00fcste, um dort drei Tage Spa\u00df zu haben &#8211; und nat\u00fcrlich zum Laufen. In diesem Jahr war alles anders,&#46;&#46;&#46;<\/p>\n","protected":false},"author":2,"featured_media":0,"comment_status":"closed","ping_status":"closed","sticky":false,"template":"","format":"standard","meta":{"ngg_post_thumbnail":0,"footnotes":""},"categories":[30,14],"tags":[],"class_list":["post-3461","post","type-post","status-publish","format-standard","hentry","category-events","category-lauftreff"],"_links":{"self":[{"href":"https:\/\/indehahn.de\/index.php?rest_route=\/wp\/v2\/posts\/3461","targetHints":{"allow":["GET"]}}],"collection":[{"href":"https:\/\/indehahn.de\/index.php?rest_route=\/wp\/v2\/posts"}],"about":[{"href":"https:\/\/indehahn.de\/index.php?rest_route=\/wp\/v2\/types\/post"}],"author":[{"embeddable":true,"href":"https:\/\/indehahn.de\/index.php?rest_route=\/wp\/v2\/users\/2"}],"replies":[{"embeddable":true,"href":"https:\/\/indehahn.de\/index.php?rest_route=%2Fwp%2Fv2%2Fcomments&post=3461"}],"version-history":[{"count":2,"href":"https:\/\/indehahn.de\/index.php?rest_route=\/wp\/v2\/posts\/3461\/revisions"}],"predecessor-version":[{"id":4622,"href":"https:\/\/indehahn.de\/index.php?rest_route=\/wp\/v2\/posts\/3461\/revisions\/4622"}],"wp:attachment":[{"href":"https:\/\/indehahn.de\/index.php?rest_route=%2Fwp%2Fv2%2Fmedia&parent=3461"}],"wp:term":[{"taxonomy":"category","embeddable":true,"href":"https:\/\/indehahn.de\/index.php?rest_route=%2Fwp%2Fv2%2Fcategories&post=3461"},{"taxonomy":"post_tag","embeddable":true,"href":"https:\/\/indehahn.de\/index.php?rest_route=%2Fwp%2Fv2%2Ftags&post=3461"}],"curies":[{"name":"wp","href":"https:\/\/api.w.org\/{rel}","templated":true}]}}