{"id":3465,"date":"2012-10-07T11:51:06","date_gmt":"2012-10-07T09:51:06","guid":{"rendered":"http:\/\/inde-hahn.de\/?p=3465"},"modified":"2015-05-16T00:30:27","modified_gmt":"2015-05-15T22:30:27","slug":"e2-junioren-gewinnen-opel-kohl-trikotsatz","status":"publish","type":"post","link":"https:\/\/indehahn.de\/?p=3465","title":{"rendered":"E2-JUNIOREN gewinnen Opel-KOHL-Trikotsatz"},"content":{"rendered":"<p><a href=\"http:\/\/indehahn.de\/wp-content\/uploads\/2012\/10\/E2JuniorenOpelKohlTrikots.jpg\" data-rel=\"lightbox-image-0\" data-rl_title=\"\" data-rl_caption=\"\" title=\"\"><img loading=\"lazy\" decoding=\"async\" src=\"http:\/\/indehahn.de\/wp-content\/uploads\/2012\/10\/E2JuniorenOpelKohlTrikots.jpg\" alt=\"E2JuniorenOpelKohlTrikots\" width=\"526\" height=\"350\" class=\"alignnone size-full wp-image-5607\" srcset=\"https:\/\/indehahn.de\/wp-content\/uploads\/2012\/10\/E2JuniorenOpelKohlTrikots.jpg 526w, https:\/\/indehahn.de\/wp-content\/uploads\/2012\/10\/E2JuniorenOpelKohlTrikots-300x200.jpg 300w, https:\/\/indehahn.de\/wp-content\/uploads\/2012\/10\/E2JuniorenOpelKohlTrikots-200x133.jpg 200w\" sizes=\"auto, (max-width: 526px) 100vw, 526px\" \/><\/a> <a href=\"http:\/\/indehahn.de\/wp-content\/uploads\/2012\/10\/E2JuniorenOpelKohlTrikots-2.jpg\" data-rel=\"lightbox-image-1\" data-rl_title=\"\" data-rl_caption=\"\" title=\"\"><img loading=\"lazy\" decoding=\"async\" src=\"http:\/\/indehahn.de\/wp-content\/uploads\/2012\/10\/E2JuniorenOpelKohlTrikots-2.jpg\" alt=\"E2JuniorenOpelKohlTrikots-2\" width=\"467\" height=\"350\" class=\"alignnone size-full wp-image-5608\" srcset=\"https:\/\/indehahn.de\/wp-content\/uploads\/2012\/10\/E2JuniorenOpelKohlTrikots-2.jpg 467w, https:\/\/indehahn.de\/wp-content\/uploads\/2012\/10\/E2JuniorenOpelKohlTrikots-2-300x225.jpg 300w, https:\/\/indehahn.de\/wp-content\/uploads\/2012\/10\/E2JuniorenOpelKohlTrikots-2-200x150.jpg 200w\" sizes=\"auto, (max-width: 467px) 100vw, 467px\" \/><\/a><\/p>\n<p>Seit Jahren engagiert setzt sich die Firma Opel KOHL f\u00fcr den Fu\u00dfballsport in der Aachener Region &#8211; ihre Unterst\u00fctzung gilt dabei vor allem den Jugendmannschaften. Neuerdings verlost Opel KOHL in Kooperation mit Jako einmal im Quartal komplette Opel-Trikots\u00e4tze sowie B\u00e4lle, Ballnetze und andere Fu\u00dfballprodukte. Bei der erstmals am 27.09.2012 durchgef\u00fchrten Gewinnziehung ging der 1. Preis an unsere E2-Junioren-Trainerin Nicole Dolzmann. Gro\u00df war die Freude, als letzten Freitag anl\u00e4sslich der exklusiven Premiere des Opel Mokka vor vielen geladenen G\u00e4sten die Preis\u00fcbergabe an unser E2-Team stattfand. Nicole Dolzmann erhielt von Gesch\u00e4ftsf\u00fchrerin Margit Kohl-Woitschik einen kompletten Trikotsatz in Vereinsfarben f\u00fcr 15\u00a0 Feldspieler und 1 Torwart. Wir danken der Firma Opel KOHL f\u00fcr ihr Engagement.<\/p>\n<div class=\"shariff\" data-title=\"E2-JUNIOREN gewinnen Opel-KOHL-Trikotsatz\" data-info-url=\"http:\/\/ct.de\/-2467514\" data-backend-url=\"https:\/\/indehahn.de\/wp-content\/plugins\/shariff-sharing_UNUSED\/backend\/index.php\" data-temp=\"\/tmp\" data-ttl=\"60\" data-service=\"\" data-services='[\"facebook\",\"whatsapp\",\"mail\"]' data-image=\"http:\/\/indehahn.de\/wp-content\/uploads\/2012\/10\/E2JuniorenOpelKohlTrikots.jpg\" data-url=\"https:\/\/indehahn.de\/?p=3465\" data-lang=\"de\" data-theme=\"color\" data-orientation=\"horizontal\"><\/div>","protected":false},"excerpt":{"rendered":"<p>Seit Jahren engagiert setzt sich die Firma Opel KOHL f\u00fcr den Fu\u00dfballsport in der Aachener Region &#8211; ihre Unterst\u00fctzung gilt dabei vor allem den Jugendmannschaften. Neuerdings verlost Opel KOHL in Kooperation mit Jako einmal&#46;&#46;&#46;<\/p>\n","protected":false},"author":2,"featured_media":0,"comment_status":"closed","ping_status":"closed","sticky":false,"template":"","format":"standard","meta":{"ngg_post_thumbnail":0,"footnotes":""},"categories":[3],"tags":[],"class_list":["post-3465","post","type-post","status-publish","format-standard","hentry","category-fussball-junioren"],"_links":{"self":[{"href":"https:\/\/indehahn.de\/index.php?rest_route=\/wp\/v2\/posts\/3465","targetHints":{"allow":["GET"]}}],"collection":[{"href":"https:\/\/indehahn.de\/index.php?rest_route=\/wp\/v2\/posts"}],"about":[{"href":"https:\/\/indehahn.de\/index.php?rest_route=\/wp\/v2\/types\/post"}],"author":[{"embeddable":true,"href":"https:\/\/indehahn.de\/index.php?rest_route=\/wp\/v2\/users\/2"}],"replies":[{"embeddable":true,"href":"https:\/\/indehahn.de\/index.php?rest_route=%2Fwp%2Fv2%2Fcomments&post=3465"}],"version-history":[{"count":2,"href":"https:\/\/indehahn.de\/index.php?rest_route=\/wp\/v2\/posts\/3465\/revisions"}],"predecessor-version":[{"id":5609,"href":"https:\/\/indehahn.de\/index.php?rest_route=\/wp\/v2\/posts\/3465\/revisions\/5609"}],"wp:attachment":[{"href":"https:\/\/indehahn.de\/index.php?rest_route=%2Fwp%2Fv2%2Fmedia&parent=3465"}],"wp:term":[{"taxonomy":"category","embeddable":true,"href":"https:\/\/indehahn.de\/index.php?rest_route=%2Fwp%2Fv2%2Fcategories&post=3465"},{"taxonomy":"post_tag","embeddable":true,"href":"https:\/\/indehahn.de\/index.php?rest_route=%2Fwp%2Fv2%2Ftags&post=3465"}],"curies":[{"name":"wp","href":"https:\/\/api.w.org\/{rel}","templated":true}]}}