{"id":3477,"date":"2012-10-03T11:57:40","date_gmt":"2012-10-03T09:57:40","guid":{"rendered":"http:\/\/inde-hahn.de\/?p=3477"},"modified":"2015-05-16T00:30:27","modified_gmt":"2015-05-15T22:30:27","slug":"erste-scheitert-im-kreispokal-endspiel-denkbar-knapp","status":"publish","type":"post","link":"https:\/\/indehahn.de\/?p=3477","title":{"rendered":"ERSTE scheitert im Kreispokal-Endspiel denkbar knapp"},"content":{"rendered":"<p><a href=\"http:\/\/indehahn.de\/wp-content\/uploads\/2012\/10\/KreispokalFinale2012-11.jpg\" data-rel=\"lightbox-image-0\" data-rl_title=\"\" data-rl_caption=\"\" title=\"\"><img loading=\"lazy\" decoding=\"async\" src=\"http:\/\/indehahn.de\/wp-content\/uploads\/2012\/10\/KreispokalFinale2012-11.jpg\" alt=\"KreispokalFinale2012-1\" width=\"463\" height=\"350\" class=\"alignnone size-full wp-image-5594\" srcset=\"https:\/\/indehahn.de\/wp-content\/uploads\/2012\/10\/KreispokalFinale2012-11.jpg 463w, https:\/\/indehahn.de\/wp-content\/uploads\/2012\/10\/KreispokalFinale2012-11-300x227.jpg 300w, https:\/\/indehahn.de\/wp-content\/uploads\/2012\/10\/KreispokalFinale2012-11-198x150.jpg 198w\" sizes=\"auto, (max-width: 463px) 100vw, 463px\" \/><\/a> <a href=\"http:\/\/indehahn.de\/wp-content\/uploads\/2012\/10\/KreispokalFinale2012-3.jpg\" data-rel=\"lightbox-image-1\" data-rl_title=\"\" data-rl_caption=\"\" title=\"\"><img loading=\"lazy\" decoding=\"async\" src=\"http:\/\/indehahn.de\/wp-content\/uploads\/2012\/10\/KreispokalFinale2012-3.jpg\" alt=\"KreispokalFinale2012-3\" width=\"276\" height=\"350\" class=\"alignnone size-full wp-image-5596\" srcset=\"https:\/\/indehahn.de\/wp-content\/uploads\/2012\/10\/KreispokalFinale2012-3.jpg 276w, https:\/\/indehahn.de\/wp-content\/uploads\/2012\/10\/KreispokalFinale2012-3-237x300.jpg 237w, https:\/\/indehahn.de\/wp-content\/uploads\/2012\/10\/KreispokalFinale2012-3-118x150.jpg 118w\" sizes=\"auto, (max-width: 276px) 100vw, 276px\" \/><\/a> <a href=\"http:\/\/indehahn.de\/wp-content\/uploads\/2012\/10\/KreispokalFinale2012-2.jpg\" data-rel=\"lightbox-image-2\" data-rl_title=\"\" data-rl_caption=\"\" title=\"\"><img loading=\"lazy\" decoding=\"async\" src=\"http:\/\/indehahn.de\/wp-content\/uploads\/2012\/10\/KreispokalFinale2012-2.jpg\" alt=\"KreispokalFinale2012-2\" width=\"709\" height=\"350\" class=\"alignnone size-full wp-image-5595\" srcset=\"https:\/\/indehahn.de\/wp-content\/uploads\/2012\/10\/KreispokalFinale2012-2.jpg 709w, https:\/\/indehahn.de\/wp-content\/uploads\/2012\/10\/KreispokalFinale2012-2-300x148.jpg 300w, https:\/\/indehahn.de\/wp-content\/uploads\/2012\/10\/KreispokalFinale2012-2-200x99.jpg 200w\" sizes=\"auto, (max-width: 709px) 100vw, 709px\" \/><\/a><\/p>\n<p>Da beide Finalisten des Kreispokal-Finales zwischen dem FC Inde Hahn und VfL Vichttal f\u00fcr die erste Pokalrunde auf FVM-Ebene qualifiziert waren, mag man die sportliche Bedeutung des Spiels als nicht so gro\u00df einstufen. Doch wer selbst schon einmal aktiv war oder sich auch nur in die Haut eines Sportlers versetzen kann, der kann sehr wohl einsch\u00e4tzen, dass die Akteure auf dem Platz ein gemeinsames Ziel hatten &#8211; den Pokalsieg.<br \/>\nHahn \u00fcberraschte mit forschem Forechecking und schon in der 2. Minute rettete ein Vichttaler Akteur auf der Linie. Auch die weiteren Spielanteile geh\u00f6rten dem Bezirksligisten, w\u00e4hrend Vichttal Hahns Defensive mit den langen B\u00e4llen zun\u00e4chst nicht in Verlegenheit bringen konnte. Hahn hatte viele Balleroberungen im Mittelfeld zu verzeichnen und einige Aktionen f\u00fchrten auch zu Torabschl\u00fcssen, doch das Tor wollte nicht fallen. In H\u00e4lfte 1 rettete 4-mal das Aluminium f\u00fcr den Landesligisten. Quasi aus dem Nichts traf der Landesligist durch Oslender in der 41. Minute zum 0:1-Pausenstand.<br \/>\nEric Rader brachte dann neuen Schwung im zweiten Durchgang &#8211; er verlieh dem Hahner Spiel weitere Gef\u00e4hrlichkeit im Offensivbereich. Einen \u00fcber Kevin Klinkenberg und Aleks Borisenko vorgetragenen Angriff vollendete Rader zum zu diesem Zeitpunkt mehr als verdienten 1:1-Ausgleich. Die Schl\u00fcsselszene des Spiels folgte in der 78. Minute: mit dem R\u00fccken zum gegnerischen Tor fand Raders Heber von der Strafraumgrenze zwar den Weg \u00fcber Schlussmann Hilgers, doch traf er eben nur nochmals den Pfosten des Vichttaler Tores. Im direkten Gegenzug vollendete Patrick Wirtz zum 2:1 f\u00fcr Vicht, als er eine Faustabwehr von Torh\u00fcter Schnorrenberg ins Tordreieck versenkte. Das war trotz des letzten Aufb\u00e4umens unserer Elf dann auch der Endstand.<br \/>\nTrainer Oliver Heinrichs: &#8222;Es hat hier heute die Elf gewonnen, die das Maximum aus ihren M\u00f6glichkeiten herausgeholt hat. Spielanteile oder Pfosten- bzw. Lattentreffer entscheiden eben kein Spiel, aber ich ziehe trotzdem den Hut vor meiner Mannschaft. Man hat zum einen keinen Klassenunterschied erkennen k\u00f6nnen und zum zweiten haben wir den FC Inde Hahn toll pr\u00e4sentiert. Das werden wir nun bei einem hoffentlich attraktiven Pokallos auch auf FVM-Ebene machen. Vielleicht ja auch nochmal gegen Vichttal &#8230;..&#8220;<\/p>\n<div class=\"shariff\" data-title=\"ERSTE scheitert im Kreispokal-Endspiel denkbar knapp\" data-info-url=\"http:\/\/ct.de\/-2467514\" data-backend-url=\"https:\/\/indehahn.de\/wp-content\/plugins\/shariff-sharing_UNUSED\/backend\/index.php\" data-temp=\"\/tmp\" data-ttl=\"60\" data-service=\"\" data-services='[\"facebook\",\"whatsapp\",\"mail\"]' data-image=\"http:\/\/indehahn.de\/wp-content\/uploads\/2012\/10\/KreispokalFinale2012-11.jpg\" data-url=\"https:\/\/indehahn.de\/?p=3477\" data-lang=\"de\" data-theme=\"color\" data-orientation=\"horizontal\"><\/div>","protected":false},"excerpt":{"rendered":"<p>Da beide Finalisten des Kreispokal-Finales zwischen dem FC Inde Hahn und VfL Vichttal f\u00fcr die erste Pokalrunde auf FVM-Ebene qualifiziert waren, mag man die sportliche Bedeutung des Spiels als nicht so gro\u00df einstufen. Doch&#46;&#46;&#46;<\/p>\n","protected":false},"author":2,"featured_media":0,"comment_status":"closed","ping_status":"closed","sticky":false,"template":"","format":"standard","meta":{"ngg_post_thumbnail":0,"footnotes":""},"categories":[11],"tags":[],"class_list":["post-3477","post","type-post","status-publish","format-standard","hentry","category-1-mannschaft"],"_links":{"self":[{"href":"https:\/\/indehahn.de\/index.php?rest_route=\/wp\/v2\/posts\/3477","targetHints":{"allow":["GET"]}}],"collection":[{"href":"https:\/\/indehahn.de\/index.php?rest_route=\/wp\/v2\/posts"}],"about":[{"href":"https:\/\/indehahn.de\/index.php?rest_route=\/wp\/v2\/types\/post"}],"author":[{"embeddable":true,"href":"https:\/\/indehahn.de\/index.php?rest_route=\/wp\/v2\/users\/2"}],"replies":[{"embeddable":true,"href":"https:\/\/indehahn.de\/index.php?rest_route=%2Fwp%2Fv2%2Fcomments&post=3477"}],"version-history":[{"count":4,"href":"https:\/\/indehahn.de\/index.php?rest_route=\/wp\/v2\/posts\/3477\/revisions"}],"predecessor-version":[{"id":5598,"href":"https:\/\/indehahn.de\/index.php?rest_route=\/wp\/v2\/posts\/3477\/revisions\/5598"}],"wp:attachment":[{"href":"https:\/\/indehahn.de\/index.php?rest_route=%2Fwp%2Fv2%2Fmedia&parent=3477"}],"wp:term":[{"taxonomy":"category","embeddable":true,"href":"https:\/\/indehahn.de\/index.php?rest_route=%2Fwp%2Fv2%2Fcategories&post=3477"},{"taxonomy":"post_tag","embeddable":true,"href":"https:\/\/indehahn.de\/index.php?rest_route=%2Fwp%2Fv2%2Ftags&post=3477"}],"curies":[{"name":"wp","href":"https:\/\/api.w.org\/{rel}","templated":true}]}}