{"id":3529,"date":"2010-09-26T14:09:42","date_gmt":"2010-09-26T12:09:42","guid":{"rendered":"http:\/\/inde-hahn.de\/?p=3529"},"modified":"2015-05-16T00:31:32","modified_gmt":"2015-05-15T22:31:32","slug":"erste-behaelt-gegen-den-kaller-sc-die-drei-punkte-in-hahn","status":"publish","type":"post","link":"https:\/\/indehahn.de\/?p=3529","title":{"rendered":"ERSTE beh\u00e4lt gegen den Kaller SC die drei Punkte in Hahn"},"content":{"rendered":"<p>Der Kaller SC, Landesliga-Absteiger, der im Jahr zuvor gar noch in der Verbandsliga spielte, konnte nach einem Spielausfall erst am vergangenen Spieltag den ersten Dreier in der neuen Umgebung einfahren. Unsere Erste konnte bekanntlich nach dem Sieg in Weiden nicht nachlegen, denn in Flamersheim geriet man beim 1:4 deutlich unter die R\u00e4der. Somit war heute Wiedergutmachung angesagt. Die G\u00e4ste begannen jedoch keineswegs verhalten und attackierten die Hahner schon im Aufbau, hatten hiermit aber nicht den gew\u00fcnschten Erfolg. Auch Hahn spielte frech nach vorne, hatte auch mit dem Defensivspiel gegen den Ball mehrfach Erfolg. In der 15. Minute vergab Denzel nach toller Hereingabe von Pr\u00fcmm in aussichtsreicher Position. Nur 3 Minuten sp\u00e4ter schickte Moersch Wanders in die Tiefe, der wiederum Denzel bediente und dieser machte es nun besser und erzielte die 1:0 F\u00fchrung. Kall hatte die wohl beste Gelegenheit bei einem direkten Freisto\u00df, den Holger Brauers aus dem Winkel fischte. Noch vor der Pause konnte Hahn durch Kalic erh\u00f6hen. Er lie\u00df dem G\u00e4steschlussmann nach Pass von Denzel keine Abwehrchance. Auch im zweiten Spielabschnitt war Hahn tonangebend und jederzeit n\u00e4her an einem m\u00f6glichen 3. Treffer als der Gast am Anschlusstreffer. Einmal hatte Hahn allerdings das Gl\u00fcck des T\u00fcchtigen als der Gast per Fernschuss nur das Lattenkreuz traf. In der 84. Minute erzielte der eingewechselte Schruff den 3:0 Endstand nach sehenswerter Vorarbeit des ebenfalls eingewechselten Timo Scheeren.<br \/>\nTrainer Oliver Heinrichs: &#8222;Wir haben heute 3 Punkte geholt und haben uns ebenso wenig auf eine Ehrenrunde begeben wie wir uns am vergangenen Mittwoch vergraben haben. Dass die Mannschaft diese Leistung revidieren wollte und wie ich finde auch eine gelungene Trotzreaktion gezeigt hat, spricht f\u00fcr jeden einzelnen. Wenn ich ehrlich bin, hatten mein Co Trainer und ich was das anbetrifft \u00fcberhaupt keine Sorge. Nun ist die Aufgabe, sich konzentriert auf das n\u00e4chste schwere Ausw\u00e4rtsspiel in Rurdorf vorzubereiten, dann wird man sehen, ob sich vielleicht sogar der eine oder andere aus dem Lazarett zur\u00fcckmeldet.&#8220;<\/p>\n<div class=\"shariff\" data-title=\"ERSTE beh\u00e4lt gegen den Kaller SC die drei Punkte in Hahn\" data-info-url=\"http:\/\/ct.de\/-2467514\" data-backend-url=\"https:\/\/indehahn.de\/wp-content\/plugins\/shariff-sharing_UNUSED\/backend\/index.php\" data-temp=\"\/tmp\" data-ttl=\"60\" data-service=\"\" data-services='[\"facebook\",\"whatsapp\",\"mail\"]' data-image=\"\" data-url=\"https:\/\/indehahn.de\/?p=3529\" data-lang=\"de\" data-theme=\"color\" data-orientation=\"horizontal\"><\/div>","protected":false},"excerpt":{"rendered":"<p>Der Kaller SC, Landesliga-Absteiger, der im Jahr zuvor gar noch in der Verbandsliga spielte, konnte nach einem Spielausfall erst am vergangenen Spieltag den ersten Dreier in der neuen Umgebung einfahren. Unsere Erste konnte bekanntlich&#46;&#46;&#46;<\/p>\n","protected":false},"author":2,"featured_media":0,"comment_status":"closed","ping_status":"closed","sticky":false,"template":"","format":"standard","meta":{"ngg_post_thumbnail":0,"footnotes":""},"categories":[11],"tags":[],"class_list":["post-3529","post","type-post","status-publish","format-standard","hentry","category-1-mannschaft"],"_links":{"self":[{"href":"https:\/\/indehahn.de\/index.php?rest_route=\/wp\/v2\/posts\/3529","targetHints":{"allow":["GET"]}}],"collection":[{"href":"https:\/\/indehahn.de\/index.php?rest_route=\/wp\/v2\/posts"}],"about":[{"href":"https:\/\/indehahn.de\/index.php?rest_route=\/wp\/v2\/types\/post"}],"author":[{"embeddable":true,"href":"https:\/\/indehahn.de\/index.php?rest_route=\/wp\/v2\/users\/2"}],"replies":[{"embeddable":true,"href":"https:\/\/indehahn.de\/index.php?rest_route=%2Fwp%2Fv2%2Fcomments&post=3529"}],"version-history":[{"count":1,"href":"https:\/\/indehahn.de\/index.php?rest_route=\/wp\/v2\/posts\/3529\/revisions"}],"predecessor-version":[{"id":3530,"href":"https:\/\/indehahn.de\/index.php?rest_route=\/wp\/v2\/posts\/3529\/revisions\/3530"}],"wp:attachment":[{"href":"https:\/\/indehahn.de\/index.php?rest_route=%2Fwp%2Fv2%2Fmedia&parent=3529"}],"wp:term":[{"taxonomy":"category","embeddable":true,"href":"https:\/\/indehahn.de\/index.php?rest_route=%2Fwp%2Fv2%2Fcategories&post=3529"},{"taxonomy":"post_tag","embeddable":true,"href":"https:\/\/indehahn.de\/index.php?rest_route=%2Fwp%2Fv2%2Ftags&post=3529"}],"curies":[{"name":"wp","href":"https:\/\/api.w.org\/{rel}","templated":true}]}}