{"id":3589,"date":"2010-08-24T14:29:09","date_gmt":"2010-08-24T12:29:09","guid":{"rendered":"http:\/\/inde-hahn.de\/?p=3589"},"modified":"2015-05-16T00:31:34","modified_gmt":"2015-05-15T22:31:34","slug":"jahrgang-9394-ist-zurueck-in-hahn","status":"publish","type":"post","link":"https:\/\/indehahn.de\/?p=3589","title":{"rendered":"Jahrgang 93\/94 ist zur\u00fcck in Hahn!"},"content":{"rendered":"<p>Nach einem Jahr Sonderliga in den Vereinsfarben des SV Breinig ist der Jahrgang 1993\/94 wieder zur\u00fcck in Hahn. Leider ist der Kader etwas ausged\u00fcnnt, da einige Spieler ihre sportliche Herausforderung bei anderen Vereinen suchen m\u00f6chten. So sind Tobias Wentzky und Jonas Recker (beide SV Rott) und auch Mike Haass (SV Breinig) nicht mehr im Kader. Mit Mike Haass verliert die Mannschaft ihren Kapit\u00e4n und einen wichtigen F\u00fchrungsspieler, aber dennoch wird der FC Inde Hahn eine gute Mannschaft stellen. Zwei Neuzug\u00e4nge sind bereits fix: Michael Schr\u00f6der kommt aus Walheim zu uns zur\u00fcck und auch Max Johnen (Jugendsport Wenau) schn\u00fcrt im n\u00e4chsten Jahr seine Fu\u00dfballschuhe f\u00fcr die Hahner A-Junioren. Damit ist der Kader 15 Spieler stark, was f\u00fcr eine Saison sicherlich knapp sein kann. Ein Problem kann der kleine Kader dann werden, wenn geballt Erkrankungen oder schulische Veranstaltungen auf die Spieltage fallen. Deshalb w\u00e4re es sch\u00f6n, wenn sich der eine oder anderen Fu\u00dfballer finden k\u00f6nnte, der fu\u00dfballerisch und nat\u00fcrlich auch menschlich zu uns passen w\u00fcrde.<br \/>\nDas sportliche Ziel ist aber trotz allem definiert: die Mannschaft m\u00f6chte die Qualifikation f\u00fcr die Leistungsstaffel schaffen. Dies wird mit Sicherheit nicht einfach werden, da die Spieler haupts\u00e4chlich zum j\u00fcngeren A-Junioren- bzw. teilweise sogar noch zum B-Junioren-Jahrgang geh\u00f6ren. Um das Ziel zu erreichen wurde mit der Saisonvorbereitung bereits vor zwei Wochen begonnen. Durch die noch andauernden Ferien kann zwar nicht der komplette Kader trainieren, doch die Spieler, die dabei sind, trainieren hochmotiviert mit. Alle sind zuversichtliche und freuen sich auf die neue Spielzeit.<\/p>\n<div class=\"shariff\" data-title=\"Jahrgang 93\/94 ist zur\u00fcck in Hahn!\" data-info-url=\"http:\/\/ct.de\/-2467514\" data-backend-url=\"https:\/\/indehahn.de\/wp-content\/plugins\/shariff-sharing_UNUSED\/backend\/index.php\" data-temp=\"\/tmp\" data-ttl=\"60\" data-service=\"\" data-services='[\"facebook\",\"whatsapp\",\"mail\"]' data-image=\"\" data-url=\"https:\/\/indehahn.de\/?p=3589\" data-lang=\"de\" data-theme=\"color\" data-orientation=\"horizontal\"><\/div>","protected":false},"excerpt":{"rendered":"<p>Nach einem Jahr Sonderliga in den Vereinsfarben des SV Breinig ist der Jahrgang 1993\/94 wieder zur\u00fcck in Hahn. Leider ist der Kader etwas ausged\u00fcnnt, da einige Spieler ihre sportliche Herausforderung bei anderen Vereinen suchen&#46;&#46;&#46;<\/p>\n","protected":false},"author":2,"featured_media":0,"comment_status":"closed","ping_status":"closed","sticky":false,"template":"","format":"standard","meta":{"ngg_post_thumbnail":0,"footnotes":""},"categories":[3],"tags":[],"class_list":["post-3589","post","type-post","status-publish","format-standard","hentry","category-fussball-junioren"],"_links":{"self":[{"href":"https:\/\/indehahn.de\/index.php?rest_route=\/wp\/v2\/posts\/3589","targetHints":{"allow":["GET"]}}],"collection":[{"href":"https:\/\/indehahn.de\/index.php?rest_route=\/wp\/v2\/posts"}],"about":[{"href":"https:\/\/indehahn.de\/index.php?rest_route=\/wp\/v2\/types\/post"}],"author":[{"embeddable":true,"href":"https:\/\/indehahn.de\/index.php?rest_route=\/wp\/v2\/users\/2"}],"replies":[{"embeddable":true,"href":"https:\/\/indehahn.de\/index.php?rest_route=%2Fwp%2Fv2%2Fcomments&post=3589"}],"version-history":[{"count":1,"href":"https:\/\/indehahn.de\/index.php?rest_route=\/wp\/v2\/posts\/3589\/revisions"}],"predecessor-version":[{"id":3590,"href":"https:\/\/indehahn.de\/index.php?rest_route=\/wp\/v2\/posts\/3589\/revisions\/3590"}],"wp:attachment":[{"href":"https:\/\/indehahn.de\/index.php?rest_route=%2Fwp%2Fv2%2Fmedia&parent=3589"}],"wp:term":[{"taxonomy":"category","embeddable":true,"href":"https:\/\/indehahn.de\/index.php?rest_route=%2Fwp%2Fv2%2Fcategories&post=3589"},{"taxonomy":"post_tag","embeddable":true,"href":"https:\/\/indehahn.de\/index.php?rest_route=%2Fwp%2Fv2%2Ftags&post=3589"}],"curies":[{"name":"wp","href":"https:\/\/api.w.org\/{rel}","templated":true}]}}