{"id":3619,"date":"2010-06-20T16:14:50","date_gmt":"2010-06-20T14:14:50","guid":{"rendered":"http:\/\/inde-hahn.de\/?p=3619"},"modified":"2015-05-16T00:31:34","modified_gmt":"2015-05-15T22:31:34","slug":"neue-bezirksliga-saison-wirft-ihre-schatten-voraus","status":"publish","type":"post","link":"https:\/\/indehahn.de\/?p=3619","title":{"rendered":"Neue BEZIRKSLIGA-SAISON wirft ihre Schatten voraus"},"content":{"rendered":"<p>Die Saison 2009\/2010 wurde gerade erst beendet, unsere Spieler sind von der Mannschaftstour ins sonnige Cala Ratjada erst vor Kurzem zur\u00fcckgekehrt und doch wirft die kommende Saison schon erste Schatten voraus. W\u00e4hrend die meisten Amateure derzeit ihren Vorbildern bei der WM in S\u00fcdafrika die Daumen dr\u00fccken wurden vor wenigen Tagen die neuen Verbandsstaffeln ver\u00f6ffentlicht. Man hatte es im Vorfeld schon vermutet: die alte Saison wurde zwar auf einem nicht zum Aufstieg berechtigten 4. Tabellenplatz beendet und doch tritt die Hahner Erste zuk\u00fcnftig in einem fast komplett neuen Umfeld an. Aus dem Aachener Fussballkreis trifft man wieder auf den alten Kreisliga-Konkurrenten VfL Vichttal, doch sonst f\u00fchrt der Weg ausschlie\u00dflich ins J\u00fclicher, D\u00fcrener, Euskirchener und sogar K\u00f6lner Umland. Trainer Oliver Heinrichs sieht das Ganze dennoch positiv: &#8222;Testspiele gegen andere Bezirksligisten sind nun gar kein Problem mehr. Es gibt ja genug, auf die wir in der Liga nicht mehr treffen werden. Wir nehmen diese neue Herausforderung jedenfalls sehr gerne an, auch wenn ich diese Liga f\u00fcr sehr stark halte.&#8220;.<br \/>\nAm 11. Juli startet unsere Erste um 10:30 Uhr in die schwei\u00dftreibende Vorbereitung. Die Termine der folgenden Testspiele werden noch bekannt gegeben.<\/p>\n<div class=\"shariff\" data-title=\"Neue BEZIRKSLIGA-SAISON wirft ihre Schatten voraus\" data-info-url=\"http:\/\/ct.de\/-2467514\" data-backend-url=\"https:\/\/indehahn.de\/wp-content\/plugins\/shariff-sharing_UNUSED\/backend\/index.php\" data-temp=\"\/tmp\" data-ttl=\"60\" data-service=\"\" data-services='[\"facebook\",\"whatsapp\",\"mail\"]' data-image=\"\" data-url=\"https:\/\/indehahn.de\/?p=3619\" data-lang=\"de\" data-theme=\"color\" data-orientation=\"horizontal\"><\/div>","protected":false},"excerpt":{"rendered":"<p>Die Saison 2009\/2010 wurde gerade erst beendet, unsere Spieler sind von der Mannschaftstour ins sonnige Cala Ratjada erst vor Kurzem zur\u00fcckgekehrt und doch wirft die kommende Saison schon erste Schatten voraus. W\u00e4hrend die meisten&#46;&#46;&#46;<\/p>\n","protected":false},"author":2,"featured_media":0,"comment_status":"closed","ping_status":"closed","sticky":false,"template":"","format":"standard","meta":{"ngg_post_thumbnail":0,"footnotes":""},"categories":[11],"tags":[],"class_list":["post-3619","post","type-post","status-publish","format-standard","hentry","category-1-mannschaft"],"_links":{"self":[{"href":"https:\/\/indehahn.de\/index.php?rest_route=\/wp\/v2\/posts\/3619","targetHints":{"allow":["GET"]}}],"collection":[{"href":"https:\/\/indehahn.de\/index.php?rest_route=\/wp\/v2\/posts"}],"about":[{"href":"https:\/\/indehahn.de\/index.php?rest_route=\/wp\/v2\/types\/post"}],"author":[{"embeddable":true,"href":"https:\/\/indehahn.de\/index.php?rest_route=\/wp\/v2\/users\/2"}],"replies":[{"embeddable":true,"href":"https:\/\/indehahn.de\/index.php?rest_route=%2Fwp%2Fv2%2Fcomments&post=3619"}],"version-history":[{"count":1,"href":"https:\/\/indehahn.de\/index.php?rest_route=\/wp\/v2\/posts\/3619\/revisions"}],"predecessor-version":[{"id":3620,"href":"https:\/\/indehahn.de\/index.php?rest_route=\/wp\/v2\/posts\/3619\/revisions\/3620"}],"wp:attachment":[{"href":"https:\/\/indehahn.de\/index.php?rest_route=%2Fwp%2Fv2%2Fmedia&parent=3619"}],"wp:term":[{"taxonomy":"category","embeddable":true,"href":"https:\/\/indehahn.de\/index.php?rest_route=%2Fwp%2Fv2%2Fcategories&post=3619"},{"taxonomy":"post_tag","embeddable":true,"href":"https:\/\/indehahn.de\/index.php?rest_route=%2Fwp%2Fv2%2Ftags&post=3619"}],"curies":[{"name":"wp","href":"https:\/\/api.w.org\/{rel}","templated":true}]}}