{"id":3631,"date":"2010-06-03T16:18:53","date_gmt":"2010-06-03T14:18:53","guid":{"rendered":"http:\/\/inde-hahn.de\/?p=3631"},"modified":"2015-05-16T00:31:34","modified_gmt":"2015-05-15T22:31:34","slug":"szymanski-und-blasius-verlassen-den-fc-inde-hahn","status":"publish","type":"post","link":"https:\/\/indehahn.de\/?p=3631","title":{"rendered":"Szymanski und Blasius verlassen den FC Inde Hahn"},"content":{"rendered":"<p>Der Stachel der Entt\u00e4uschung dr\u00fcckt sicherlich noch auf das Gem\u00fct, doch vor allem wegen den beiden bevorstehenden Abg\u00e4nge von Stefan Blasius sowie Tobi Szymanski laufen die Planungen f\u00fcr die neue Spielzeit auf Hochtouren. Szymanski streifte sich dreieinhalb Jahre lang das schwarz-gelbe Trikot \u00fcber und geht nun studienbedingt in die USA. Blasius war drei Jahre f\u00fcr den FC Inde aktiv, hat im vergangenen Winter seine Ausbildung beendet und bekommt nun ein Jobangebot aus M\u00fcnchen. Trainer Oliver Heinrichs wei\u00df, was er an den Beiden hatte: &#8222;Diese beiden Spieler wird man sowohl sportlich als auch menschlich nicht mal eben ersetzen k\u00f6nnen. Beide waren wichtige St\u00fctzen der erfolgreichsten Mannschaft des FC Inde. Ich sehe das nicht als normalen Vereinswechsel an, denn ich wei\u00df von beiden, dass sie sich in Hahn sehr wohl gef\u00fchlt haben und sie auch beide sehr gerne geblieben w\u00e4ren. Doch dass sie Priorit\u00e4ten auf ihre berufliche Laufbahn setzen, darf man ihnen keinesfalls ver\u00fcbeln. Im Gegenteil &#8211; das zeigt mir einmal mehr, dass sie mit beiden F\u00fc\u00dfen im Leben stehen und sie tolle Charaktere sind. Beim offiziellen Saisonabschluss wird man die Beiden nat\u00fcrlich noch verabschieden, doch ich w\u00fcnsche ihnen schon auf diesem Wege alles Gute.&#8220;<br \/>\nWie man die L\u00fccken sportlich schlie\u00dfen will, dar\u00fcber gibt der Trainer noch keine pr\u00e4zise Auskunft: &#8222;Unsere Planungen sind bereits sehr weit fortgeschritten und wir werden in der kommenden Saison definitiv wieder eine gute Mannschaft auf&#8217;s Feld schicken k\u00f6nnen. Ich sehe im Weggang dieser Beiden in erster Linie gute Chancen f\u00fcr eine weitere Entwicklung. Wir werden unserer Philosophie keineswegs untreu und werden weiter auf das Kollektiv setzen. In vielen Gespr\u00e4chen merkt man mittlerweile, dass Inde Hahn nicht die schlechteste Adresse zu sein scheint.&#8220;<\/p>\n<div class=\"shariff\" data-title=\"Szymanski und Blasius verlassen den FC Inde Hahn\" data-info-url=\"http:\/\/ct.de\/-2467514\" data-backend-url=\"https:\/\/indehahn.de\/wp-content\/plugins\/shariff-sharing_UNUSED\/backend\/index.php\" data-temp=\"\/tmp\" data-ttl=\"60\" data-service=\"\" data-services='[\"facebook\",\"whatsapp\",\"mail\"]' data-image=\"\" data-url=\"https:\/\/indehahn.de\/?p=3631\" data-lang=\"de\" data-theme=\"color\" data-orientation=\"horizontal\"><\/div>","protected":false},"excerpt":{"rendered":"<p>Der Stachel der Entt\u00e4uschung dr\u00fcckt sicherlich noch auf das Gem\u00fct, doch vor allem wegen den beiden bevorstehenden Abg\u00e4nge von Stefan Blasius sowie Tobi Szymanski laufen die Planungen f\u00fcr die neue Spielzeit auf Hochtouren. Szymanski&#46;&#46;&#46;<\/p>\n","protected":false},"author":2,"featured_media":0,"comment_status":"closed","ping_status":"closed","sticky":false,"template":"","format":"standard","meta":{"ngg_post_thumbnail":0,"footnotes":""},"categories":[11],"tags":[],"class_list":["post-3631","post","type-post","status-publish","format-standard","hentry","category-1-mannschaft"],"_links":{"self":[{"href":"https:\/\/indehahn.de\/index.php?rest_route=\/wp\/v2\/posts\/3631","targetHints":{"allow":["GET"]}}],"collection":[{"href":"https:\/\/indehahn.de\/index.php?rest_route=\/wp\/v2\/posts"}],"about":[{"href":"https:\/\/indehahn.de\/index.php?rest_route=\/wp\/v2\/types\/post"}],"author":[{"embeddable":true,"href":"https:\/\/indehahn.de\/index.php?rest_route=\/wp\/v2\/users\/2"}],"replies":[{"embeddable":true,"href":"https:\/\/indehahn.de\/index.php?rest_route=%2Fwp%2Fv2%2Fcomments&post=3631"}],"version-history":[{"count":1,"href":"https:\/\/indehahn.de\/index.php?rest_route=\/wp\/v2\/posts\/3631\/revisions"}],"predecessor-version":[{"id":3632,"href":"https:\/\/indehahn.de\/index.php?rest_route=\/wp\/v2\/posts\/3631\/revisions\/3632"}],"wp:attachment":[{"href":"https:\/\/indehahn.de\/index.php?rest_route=%2Fwp%2Fv2%2Fmedia&parent=3631"}],"wp:term":[{"taxonomy":"category","embeddable":true,"href":"https:\/\/indehahn.de\/index.php?rest_route=%2Fwp%2Fv2%2Fcategories&post=3631"},{"taxonomy":"post_tag","embeddable":true,"href":"https:\/\/indehahn.de\/index.php?rest_route=%2Fwp%2Fv2%2Ftags&post=3631"}],"curies":[{"name":"wp","href":"https:\/\/api.w.org\/{rel}","templated":true}]}}