{"id":3637,"date":"2010-05-30T15:22:15","date_gmt":"2010-05-30T13:22:15","guid":{"rendered":"http:\/\/inde-hahn.de\/?p=3637"},"modified":"2015-05-16T17:50:14","modified_gmt":"2015-05-16T15:50:14","slug":"erste-steht-am-ende-mit-leeren-haenden-da","status":"publish","type":"post","link":"https:\/\/indehahn.de\/?p=3637","title":{"rendered":"ERSTE steht am Ende mit leeren H\u00e4nden da"},"content":{"rendered":"<p><a href=\"http:\/\/indehahn.de\/wp-content\/uploads\/2010\/05\/ErsteInBrachelen-1.jpg\" data-rel=\"lightbox-image-0\" data-rl_title=\"\" data-rl_caption=\"\" title=\"\"><img loading=\"lazy\" decoding=\"async\" src=\"http:\/\/indehahn.de\/wp-content\/uploads\/2010\/05\/ErsteInBrachelen-1.jpg\" alt=\"\" width=\"769\" height=\"350\" class=\"alignnone size-full wp-image-6492\" srcset=\"https:\/\/indehahn.de\/wp-content\/uploads\/2010\/05\/ErsteInBrachelen-1.jpg 769w, https:\/\/indehahn.de\/wp-content\/uploads\/2010\/05\/ErsteInBrachelen-1-300x137.jpg 300w, https:\/\/indehahn.de\/wp-content\/uploads\/2010\/05\/ErsteInBrachelen-1-200x91.jpg 200w\" sizes=\"auto, (max-width: 769px) 100vw, 769px\" \/><\/a><\/p>\n<p>Das Endspiel um den Aufstieg in die Landesliga fand heute in Brachelen bei echtem Fritz-Walter-Wetter statt. Schon vor einem Jahr, als man den Aufstieg in die Bezirksliga klar gemacht hatte, gab es sehr \u00e4hnliche Wetterbedingungen &#8211; war das vielleicht ein gutes Omen? Am Anfang sah es tats\u00e4chlich so aus, denn unsere Erste legte richtig gut los &#8211; die Ordnung stimmte, es gab tolle Kombinationen und kraftvolle Dribblings zu sehen und man spielte den Gegner phasenweise an die Wand. Als dann nach einer knappen halben Stunde der 1:0-F\u00fchrungstreffer fiel, da schien der Bann gebrochen. Weitere gute Chancen blieben aber ungenutzt oder scheiterten wie der Distanzschuss von Stefan Blasius am Torpfosten &#8211; so blieb es zur Halbzeit beim verdienten 1:0. Ein deutlicher Sieg schien zu diesem Zeitpunkt durchaus m\u00f6glich zu sein und der h\u00e4tte am Ende den Aufstieg bedeuten k\u00f6nnen, da die Partie des Konkurrenten Wegberg-Beeck II wegen vier roten Karten der Gastgeber aus Linden-Neusen abgebrochen und damit mit 2:0 gewertet wurde. Doch es kam ganz anders: unsere Mannschaft spielte nach dem Seitenwechsel wie so oft in den letzten Wochen nicht mehr so geordnet und zielstrebig und innerhalb von nur 5 Minuten kippte die Partie v\u00f6llig, als Brachelen gro\u00dfe L\u00f6cher in der Hahner Defensive mit drei Treffern bestrafte. Was folgte waren h\u00e4ngende K\u00f6pfe auf Hahner Seite und ein weiterer Gegentreffer. Mit dieser 1:4-Niederlage fiel man vom dritten auf den vierten Tabellenplatz zur\u00fcck, aber dennoch muss man unserer jungen Mannschaft ein gro\u00dfes Kompliment machen, denn als Aufsteiger hat man bis zum allerletzten Spieltag um den Landesliga-Aufstieg mitgespielt &#8211; wer h\u00e4tte damit zu Beginn der Spielzeit gerechnet?<br \/>\nTrainer Oliver Heinrichs: &#8222;Mein allererster Kommentar ist mein Gl\u00fcckwunsch an den Kollegen Ruhrig nach Beeck. Meiner Meinung nach gibt es einen verdienten Austeiger mit Dremmen und einen gl\u00fccklichen mit Beeck. Doch danach fragt morgen schon keiner mehr. Nicht dass das falsch verstanden wird, wir w\u00e4ren am Ende nat\u00fcrlich auch nur gl\u00fccklicher Zweiter geworden, denn wir haben genau wie Beeck und auch Mariadorf und Eilendorf viele Punkte unn\u00f6tig liegen gelassen. Somit haben wir es aus der Hand gegeben, so dass am Ende die Gesetze des letzten Spieltages greifen k\u00f6nnen. Wir danken Linden-Neusen f\u00fcr ihr sportliches Bem\u00fchen und begl\u00fcckw\u00fcnschen zuletzt nochmals unseren Kontrahenten aus Wegberg. Wir blicken voller Zufriedenheit auf unser erstes Bezirksligajahr.&#8220;<\/p>\n<p><a href=\"http:\/\/galerie.indehahn.de\/FussballSenioren\/2009-2010\/ErsteInBrachelen\" target=\"_blank\">FOTOS<\/a><\/p>\n<div class=\"shariff\" data-title=\"ERSTE steht am Ende mit leeren H\u00e4nden da\" data-info-url=\"http:\/\/ct.de\/-2467514\" data-backend-url=\"https:\/\/indehahn.de\/wp-content\/plugins\/shariff-sharing_UNUSED\/backend\/index.php\" data-temp=\"\/tmp\" data-ttl=\"60\" data-service=\"\" data-services='[\"facebook\",\"whatsapp\",\"mail\"]' data-image=\"http:\/\/indehahn.de\/wp-content\/uploads\/2010\/05\/ErsteInBrachelen-1.jpg\" data-url=\"https:\/\/indehahn.de\/?p=3637\" data-lang=\"de\" data-theme=\"color\" data-orientation=\"horizontal\"><\/div>","protected":false},"excerpt":{"rendered":"<p>Das Endspiel um den Aufstieg in die Landesliga fand heute in Brachelen bei echtem Fritz-Walter-Wetter statt. Schon vor einem Jahr, als man den Aufstieg in die Bezirksliga klar gemacht hatte, gab es sehr \u00e4hnliche&#46;&#46;&#46;<\/p>\n","protected":false},"author":2,"featured_media":0,"comment_status":"closed","ping_status":"closed","sticky":false,"template":"","format":"standard","meta":{"ngg_post_thumbnail":0,"footnotes":""},"categories":[11],"tags":[],"class_list":["post-3637","post","type-post","status-publish","format-standard","hentry","category-1-mannschaft"],"_links":{"self":[{"href":"https:\/\/indehahn.de\/index.php?rest_route=\/wp\/v2\/posts\/3637","targetHints":{"allow":["GET"]}}],"collection":[{"href":"https:\/\/indehahn.de\/index.php?rest_route=\/wp\/v2\/posts"}],"about":[{"href":"https:\/\/indehahn.de\/index.php?rest_route=\/wp\/v2\/types\/post"}],"author":[{"embeddable":true,"href":"https:\/\/indehahn.de\/index.php?rest_route=\/wp\/v2\/users\/2"}],"replies":[{"embeddable":true,"href":"https:\/\/indehahn.de\/index.php?rest_route=%2Fwp%2Fv2%2Fcomments&post=3637"}],"version-history":[{"count":2,"href":"https:\/\/indehahn.de\/index.php?rest_route=\/wp\/v2\/posts\/3637\/revisions"}],"predecessor-version":[{"id":6493,"href":"https:\/\/indehahn.de\/index.php?rest_route=\/wp\/v2\/posts\/3637\/revisions\/6493"}],"wp:attachment":[{"href":"https:\/\/indehahn.de\/index.php?rest_route=%2Fwp%2Fv2%2Fmedia&parent=3637"}],"wp:term":[{"taxonomy":"category","embeddable":true,"href":"https:\/\/indehahn.de\/index.php?rest_route=%2Fwp%2Fv2%2Fcategories&post=3637"},{"taxonomy":"post_tag","embeddable":true,"href":"https:\/\/indehahn.de\/index.php?rest_route=%2Fwp%2Fv2%2Ftags&post=3637"}],"curies":[{"name":"wp","href":"https:\/\/api.w.org\/{rel}","templated":true}]}}