{"id":3801,"date":"2011-01-29T10:03:41","date_gmt":"2011-01-29T09:03:41","guid":{"rendered":"http:\/\/inde-hahn.de\/?p=3801"},"modified":"2015-05-16T00:31:05","modified_gmt":"2015-05-15T22:31:05","slug":"zwei-junioren-teams-fuer-die-leistungsliga-qualifiziert","status":"publish","type":"post","link":"https:\/\/indehahn.de\/?p=3801","title":{"rendered":"Zwei JUNIOREN-TEAMS f\u00fcr die Leistungsliga qualifiziert"},"content":{"rendered":"<p>Das hat es in der Vergangenheit so noch nicht gegeben. Gleich zwei unserer Junioren-Mannschaften haben sich in der Herbstrunde f\u00fcr die Leistungsliga qualifiziert. Den Aufstieg haben die A-Junioren mit Trainer Olaf Sch\u00e4fer ohne einen einzigen Verlustpunkt sowie die C1-Junioren mit ihrem neuen Trainer Peter Gorzkulla mit einem zweiten Platz geschafft. Wir w\u00fcnschen beiden Teams besonders viel Gl\u00fcck und Erfolg f\u00fcr eine sicherlich schwere, aber vor allem auch spannende und interessante Fr\u00fchjahrsrunde!<\/p>\n<div class=\"shariff\" data-title=\"Zwei JUNIOREN-TEAMS f\u00fcr die Leistungsliga qualifiziert\" data-info-url=\"http:\/\/ct.de\/-2467514\" data-backend-url=\"https:\/\/indehahn.de\/wp-content\/plugins\/shariff-sharing_UNUSED\/backend\/index.php\" data-temp=\"\/tmp\" data-ttl=\"60\" data-service=\"\" data-services='[\"facebook\",\"whatsapp\",\"mail\"]' data-image=\"\" data-url=\"https:\/\/indehahn.de\/?p=3801\" data-lang=\"de\" data-theme=\"color\" data-orientation=\"horizontal\"><\/div>","protected":false},"excerpt":{"rendered":"<p>Das hat es in der Vergangenheit so noch nicht gegeben. Gleich zwei unserer Junioren-Mannschaften haben sich in der Herbstrunde f\u00fcr die Leistungsliga qualifiziert. Den Aufstieg haben die A-Junioren mit Trainer Olaf Sch\u00e4fer ohne einen&#46;&#46;&#46;<\/p>\n","protected":false},"author":2,"featured_media":0,"comment_status":"closed","ping_status":"closed","sticky":false,"template":"","format":"standard","meta":{"ngg_post_thumbnail":0,"footnotes":""},"categories":[3],"tags":[],"class_list":["post-3801","post","type-post","status-publish","format-standard","hentry","category-fussball-junioren"],"_links":{"self":[{"href":"https:\/\/indehahn.de\/index.php?rest_route=\/wp\/v2\/posts\/3801","targetHints":{"allow":["GET"]}}],"collection":[{"href":"https:\/\/indehahn.de\/index.php?rest_route=\/wp\/v2\/posts"}],"about":[{"href":"https:\/\/indehahn.de\/index.php?rest_route=\/wp\/v2\/types\/post"}],"author":[{"embeddable":true,"href":"https:\/\/indehahn.de\/index.php?rest_route=\/wp\/v2\/users\/2"}],"replies":[{"embeddable":true,"href":"https:\/\/indehahn.de\/index.php?rest_route=%2Fwp%2Fv2%2Fcomments&post=3801"}],"version-history":[{"count":1,"href":"https:\/\/indehahn.de\/index.php?rest_route=\/wp\/v2\/posts\/3801\/revisions"}],"predecessor-version":[{"id":3802,"href":"https:\/\/indehahn.de\/index.php?rest_route=\/wp\/v2\/posts\/3801\/revisions\/3802"}],"wp:attachment":[{"href":"https:\/\/indehahn.de\/index.php?rest_route=%2Fwp%2Fv2%2Fmedia&parent=3801"}],"wp:term":[{"taxonomy":"category","embeddable":true,"href":"https:\/\/indehahn.de\/index.php?rest_route=%2Fwp%2Fv2%2Fcategories&post=3801"},{"taxonomy":"post_tag","embeddable":true,"href":"https:\/\/indehahn.de\/index.php?rest_route=%2Fwp%2Fv2%2Ftags&post=3801"}],"curies":[{"name":"wp","href":"https:\/\/api.w.org\/{rel}","templated":true}]}}